{"id":556332,"date":"2025-11-24T22:36:16","date_gmt":"2025-11-24T22:36:16","guid":{"rendered":"https:\/\/www.europesays.com\/fr\/556332\/"},"modified":"2025-11-24T22:36:16","modified_gmt":"2025-11-24T22:36:16","slug":"brigitte-bardot-de-nouveau-prise-en-charge-par-les-medecins-a-toulon-cest-la-deuxieme-fois-cet-automne-2","status":"publish","type":"post","link":"https:\/\/www.europesays.com\/fr\/556332\/","title":{"rendered":"Brigitte Bardot de nouveau prise en charge par les m\u00e9decins \u00e0 Toulon, c&rsquo;est la deuxi\u00e8me fois cet automne"},"content":{"rendered":"<p class=\"mb-4 text-lg md:leading-8 break-words\">Brigitte Bardot, 91 ans, a \u00e9t\u00e9 hospitalis\u00e9e r\u00e9cemment \u00e0 l\u2019h\u00f4pital Saint-Jean de Toulon, pour la deuxi\u00e8me fois cet automne. L\u2019ic\u00f4ne du cin\u00e9ma et militante pour la cause animale avait effectivement d\u00e9j\u00e0 \u00e9t\u00e9 pris en charge par les m\u00e9decins au mois d&rsquo;octobre.<\/p>\n<p class=\"mb-4 text-lg md:leading-8 break-words\">Ce lundi 24 novembre 2025, il a \u00e9t\u00e9 annonc\u00e9 que <a href=\"https:\/\/www.purepeople.com\/people\/brigitte-bardot_p1326\" rel=\"nofollow noopener\" target=\"_blank\" data-ylk=\"slk:Brigitte Bardot;elm:context_link;itc:0;sec:content-canvas\" class=\"link \">Brigitte Bardot<\/a>, 91 ans, aurait \u00e9t\u00e9 hospitalis\u00e9e il y a plusieurs jours et pour la deuxi\u00e8me fois cet automne \u00e0 l&rsquo;h\u00f4pital Saint-Jean de Toulon. C&rsquo;est ce qui est notamment indiqu\u00e9 par nos confr\u00e8res du journal <a href=\"https:\/\/www.laprovence.com\/article\/societe\/47947756939287\/brigitte-bardot-de-nouveau-hospitalisee-a-toulon-depuis-plusieurs-jours\" rel=\"nofollow noopener\" target=\"_blank\" data-ylk=\"slk:La Provence;elm:context_link;itc:0;sec:content-canvas\" class=\"link \">La Provence<\/a>. \u00ab\u00a0Pour l&rsquo;heure, la principale concern\u00e9e n&rsquo;a fait aucune prise de parole publique. Depuis sa retraite du cin\u00e9ma dans les ann\u00e9es 1970, elle partage sa vie entre La Madrague et La <a href=\"https:\/\/fr.news.yahoo.com\/brigitte-bardot-garrigue-autre-maison-092700912.html\" data-ylk=\"slk:Garrigue;elm:context_link;itc:0;sec:content-canvas;outcm:mb_qualified_link;_E:mb_qualified_link;ct:story;\" class=\"link  yahoo-link\" target=\"_blank\" rel=\"noopener\">Garrigue<\/a>, ses deux propri\u00e9t\u00e9s trop\u00e9ziennes d\u00e9di\u00e9es \u00e0 la protection animale.\u00a0\u00bb, pr\u00e9cise le quotidien r\u00e9gional, en rappelant qu&rsquo;elle avait \u00ab\u00a0d\u00e9j\u00e0 \u00e9t\u00e9 hospitalis\u00e9e pour une insuffisance respiratoire\u00a0\u00bb en janvier 2023.<\/p>\n<p class=\"mb-4 text-lg md:leading-8 break-words\">Mais l&rsquo;ic\u00f4ne du cin\u00e9ma et militante de la cause animale avait surtout \u00e9t\u00e9 d\u00e9j\u00e0 hospitalis\u00e9e en octobre \u00ab\u00a0avant de regagner son domicile de Saint-Tropez, o\u00f9 elle se remettait &lsquo;doucement'\u00a0\u00bb. Et \u00ab\u00a0elle avait m\u00eame d\u00fb d\u00e9mentir des rumeurs de d\u00e9c\u00e8s sur les r\u00e9seaux sociaux, affirmant qu&rsquo;elle allait bien.\u00a0\u00bb \u00ab\u00a0Je ne sais pas quel est l\u2019imb\u00e9cile qui a \u00a0lanc\u00e9 ce soir cette fake news sur ma disparition mais sachez que je vais bien et que je n\u2019ai pas l\u2019intention de tirer ma r\u00e9v\u00e9rence. \u00c0 bon entendeur\u00a0\u00bb, avait-elle d\u00e9clar\u00e9 sur son compte X.<\/p>\n<p class=\"mb-4 text-lg md:leading-8 break-words\">Brigitte Bardot avait subi une \u00ab\u00a0l\u00e9g\u00e8re intervention chirurgicale\u00a0\u00bb\u00a0<\/p>\n<p class=\"mb-4 text-lg md:leading-8 break-words\">Brigitte Bardot \u00a0avait simplement subi une \u00ab\u00a0l\u00e9g\u00e8re intervention chirurgicale qui s\u2019est d\u00e9roul\u00e9e de mani\u00e8re particuli\u00e8rement satisfaisante\u00a0\u00bb, avait indiqu\u00e9<a href=\"https:\/\/fr.style.yahoo.com\/brigitte-bardot-prise-charge-%C3%A0-152900578.html\" data-ylk=\"slk:son secr\u00e9tariat;elm:context_link;itc:0;sec:content-canvas;outcm:mb_qualified_link;_E:mb_qualified_link;ct:story;\" class=\"link  yahoo-link\" target=\"_blank\" rel=\"noopener\"> son secr\u00e9tariat <\/a>\u00e0 l&rsquo;AFP le vendredi 17 octobre 2025. \u00ab\u00a0Elle se repose chez elle d\u00e9sormais, ne r\u00e9pondra \u00e0 aucune sollicitation, et remercie chacun de respecter son intimit\u00e9 et sa tranquillit\u00e9\u00a0\u00bb, ajoutait le communiqu\u00e9. . La maman de <a href=\"https:\/\/fr.news.yahoo.com\/brigitte-bardot-fils-nicolas-jacques-040500689.html\" data-ylk=\"slk:Nicolas;elm:context_link;itc:0;sec:content-canvas;outcm:mb_qualified_link;_E:mb_qualified_link;ct:story;\" class=\"link  yahoo-link\" target=\"_blank\" rel=\"noopener\">Nicolas <\/a>avait tenu \u00e0 \u00ab\u00a0remercier tous ceux qui se soucient de son \u00e9tat de sant\u00e9 et les rassurer\u00a0\u00bb et \u00e0 \u00ab\u00a0remercier l\u2019\u00e9quipe chirurgicale et l\u2019ensemble des personnels qui ont veill\u00e9 \u00e0 son r\u00e9tablissement\u00a0\u00bb.<\/p>\n<p class=\"mb-4 text-lg md:leading-8 break-words\">Rappelons que Brigitte Bardot fut r\u00e9v\u00e9l\u00e9e au grand public d\u00e8s l\u2019adolescence. Elle incarne dans les ann\u00e9es 1950 une nouvelle f\u00e9minit\u00e9 libre et assum\u00e9e. Son r\u00f4le dans Et Dieu\u2026 cr\u00e9a la femme (1956) la propulsera au rang de mythe et bouleversera \u00e0 jamais le regard du public.<\/p>\n<p class=\"mb-4 text-lg md:leading-8 break-words\">\u00a0<\/p>\n<p class=\"mb-4 text-lg md:leading-8 break-words\"><a href=\"https:\/\/www.purepeople.com\/article\/brigitte-bardot-de-nouveau-prise-en-charge-par-les-medecins-a-toulon-cest-la-deuxieme-fois-cet-automne_a544926\/1\" rel=\"nofollow noopener\" target=\"_blank\" data-ylk=\"slk:Article original sur Purepeople;elm:context_link;itc:0;sec:content-canvas\" class=\"link \">Article original sur Purepeople<\/a><\/p>\n","protected":false},"excerpt":{"rendered":"Brigitte Bardot, 91 ans, a \u00e9t\u00e9 hospitalis\u00e9e r\u00e9cemment \u00e0 l\u2019h\u00f4pital Saint-Jean de Toulon, pour la deuxi\u00e8me fois cet&hellip;\n","protected":false},"author":2,"featured_media":556333,"comment_status":"","ping_status":"","sticky":false,"template":"","format":"standard","meta":{"footnotes":""},"categories":[9619],"tags":[1111,11,13632,20224,67389,1777,674,1011,27,12,882,25,2310],"class_list":{"0":"post-556332","1":"post","2":"type-post","3":"status-publish","4":"format-standard","5":"has-post-thumbnail","7":"category-toulon","8":"tag-actu","9":"tag-actualites","10":"tag-automne","11":"tag-brigitte-bardot","12":"tag-deuxieme-fois","13":"tag-eu","14":"tag-europe","15":"tag-fr","16":"tag-france","17":"tag-news","18":"tag-provence-alpes-cote-dazur","19":"tag-republique-francaise","20":"tag-toulon"},"share_on_mastodon":{"url":"https:\/\/pubeurope.com\/@fr\/115607069301863448","error":""},"_links":{"self":[{"href":"https:\/\/www.europesays.com\/fr\/wp-json\/wp\/v2\/posts\/556332","targetHints":{"allow":["GET"]}}],"collection":[{"href":"https:\/\/www.europesays.com\/fr\/wp-json\/wp\/v2\/posts"}],"about":[{"href":"https:\/\/www.europesays.com\/fr\/wp-json\/wp\/v2\/types\/post"}],"author":[{"embeddable":true,"href":"https:\/\/www.europesays.com\/fr\/wp-json\/wp\/v2\/users\/2"}],"replies":[{"embeddable":true,"href":"https:\/\/www.europesays.com\/fr\/wp-json\/wp\/v2\/comments?post=556332"}],"version-history":[{"count":0,"href":"https:\/\/www.europesays.com\/fr\/wp-json\/wp\/v2\/posts\/556332\/revisions"}],"wp:featuredmedia":[{"embeddable":true,"href":"https:\/\/www.europesays.com\/fr\/wp-json\/wp\/v2\/media\/556333"}],"wp:attachment":[{"href":"https:\/\/www.europesays.com\/fr\/wp-json\/wp\/v2\/media?parent=556332"}],"wp:term":[{"taxonomy":"category","embeddable":true,"href":"https:\/\/www.europesays.com\/fr\/wp-json\/wp\/v2\/categories?post=556332"},{"taxonomy":"post_tag","embeddable":true,"href":"https:\/\/www.europesays.com\/fr\/wp-json\/wp\/v2\/tags?post=556332"}],"curies":[{"name":"wp","href":"https:\/\/api.w.org\/{rel}","templated":true}]}}