{"id":556338,"date":"2025-11-24T22:39:15","date_gmt":"2025-11-24T22:39:15","guid":{"rendered":"https:\/\/www.europesays.com\/fr\/556338\/"},"modified":"2025-11-24T22:39:15","modified_gmt":"2025-11-24T22:39:15","slug":"rouen-rend-hommage-a-mehdi-kessaci-apres-son-assassinat","status":"publish","type":"post","link":"https:\/\/www.europesays.com\/fr\/556338\/","title":{"rendered":"Rouen rend hommage \u00e0 Mehdi Kessaci apr\u00e8s son assassinat"},"content":{"rendered":"<p>                    Par<br \/>\n        <strong><br \/>\n            <a href=\"https:\/\/actu.fr\/auteur\/lily-dedeye\" title=\"Consulter tous les articles de Lily Dedeye\" target=\"_blank\" rel=\"noopener\">Lily Dedeye<\/a><br \/>\n                    <\/strong><\/p>\n<p>        Publi\u00e9 le<\/p>\n<p>            24 nov. 2025 \u00e0 17h51        <\/p>\n<p>En ce lundi 24 novembre 2025, \u00e0 12h30, une cinquantaine de personnes est <strong>rassembl\u00e9e devant l\u2019h\u00f4tel de ville de Rouen<\/strong>. Une voix s\u2019\u00e9l\u00e8ve, celle de Julia Capel-Dunn, directrice du cabinet du pr\u00e9fet. \u00ab\u00a0Nous sommes r\u00e9unis ce jour pour un moment de recueillement, en hommage <a href=\"https:\/\/actu.fr\/provence-alpes-cote-d-azur\/marseille_13055\/meurtre-de-mehdi-kessaci-a-marseille-un-hommage-sous-haute-securite-des-milliers-de-personnes_63474714.html\" target=\"_blank\" rel=\"noopener\">\u00e0 Mehdi Kessaci, l\u00e2chement assassin\u00e9 \u00e0 Marseille<\/a> le 13 novembre dernier. Monsieur le Maire a tenu \u00e0 organiser cet hommage, car m\u00eame si Marseille peut nous para\u00eetre loin, <strong>c\u2019est la France qui a \u00e9t\u00e9 touch\u00e9e<\/strong>, c\u2019est notre R\u00e9publique\u00a0\u00bb.\u00a0<\/p>\n<p>Un hommage \u00e0 Mehdi Kessaci tu\u00e9 \u00e0 Marseille<\/p>\n<p class=\" wall-content\">Mehdi Kessaci, \u00e9tait un jeune marseillais de 20 ans. <strong>Il a \u00e9t\u00e9 abattu le 13 novembre dernier<\/strong> par deux hommes \u00e0 moto alors qu\u2019il \u00e9tait en train de se garer. Son casier judiciaire \u00e9tant vierge, il aurait \u00e9t\u00e9 tu\u00e9 pour toucher son fr\u00e8re, Amine Kessaci, <strong>un militant anti-narcotrafic tr\u00e8s engag\u00e9 \u00e0 Marseille<\/strong>. \u00c0 Rouen, dix jours plus tard, on tient \u00e0 honorer sa m\u00e9moire.<\/p>\n<p class=\" wall-content\"><strong>Nicolas Mayer-Rossignol<\/strong>, maire de la ville, prend la parole : \u00ab\u00a0Merci \u00e0 tous d\u2019\u00eatre venus pour ce moment de recueillement. <strong>Car tout le monde doit se sentir concern\u00e9.<\/strong> Il y a du narcotrafic partout et cela doit cesser\u00a0\u00bb. Les Rouennais r\u00e9unis sur la place l\u2019\u00e9coutent attentivement. Certains ont m\u00eame les larmes aux yeux.<\/p>\n<p>\u00ab\u00a0Il faut aussi que les consommateurs en prennent conscience\u00a0\u00bb<\/p>\n<p class=\" wall-content\">\u00c0 la fin de son discours, une minute de silence invite chacun \u00e0 se poser, r\u00e9fl\u00e9chir et envoyer ses plus belles pens\u00e9es au d\u00e9funt et \u00e0 sa famille. Ce court moment de recueillement pass\u00e9, les Rouennais sont remerci\u00e9s et invit\u00e9s \u00e0 rentrer. Mais beaucoup restent encore un peu <strong>pour \u00e9changer sur ce drame.\u00a0<\/strong><\/p>\n<p class=\" wall-content\">\u00ab\u00a0Un ami m\u2019a inform\u00e9 de ce rassemblement, d\u00e9clare Fabienne Hutereau, les larmes aux yeux. Je tenais \u00e0 venir car on se sent concern\u00e9. Et ce qui a \u00e9t\u00e9 dit me touche. <strong>La drogue est un vrai fl\u00e9au.<\/strong> Il faut aussi que les consommateurs en prennent conscience.\u00a0\u00bb<\/p>\n<p>Vid\u00e9os : en ce moment sur ActuUne atteinte \u00e0 la libert\u00e9 d\u2019expression<\/p>\n<p class=\" wall-content\">Un peu plus loin, Na\u00efma, une Rouennaise discute avec son groupe d\u2019amis. \u00ab\u00a0C\u2019est insupportable. Vous vous rendez compte ? Ce jeune homme a \u00e9t\u00e9 tu\u00e9 pour toucher son fr\u00e8re, un militant. Il a \u00e9t\u00e9 en quelque sorte <strong>un dommage collat\u00e9ral<\/strong>, c\u2019est horrible. Les valeurs de la France sont libert\u00e9, \u00e9galit\u00e9, fraternit\u00e9 mais on peut mourir pour ses id\u00e9es. Moi je milite pour la libert\u00e9 d\u2019expression. C\u2019est pour cette raison que je suis l\u00e0.\u00a0\u00bb\u00a0<\/p>\n<p>Votre r\u00e9gion, votre actu !<\/p>\n<p>Recevez chaque jour les infos qui comptent pour vous.<\/p>\n<p>\t<a href=\"https:\/\/actu.fr\/newsletter\" class=\"ac-btn ac-btn--corner ac-btn--medium ac-btn--blue800\" target=\"_blank\" rel=\"noopener\">S&rsquo;incrire<\/a><\/p>\n<p class=\" wall-content\">Na\u00efma marque un temps de pause et finit : \u00ab\u00a0Et puis je pense aussi \u00e0 la maman qui a perdu ses deux enfants. Il en reste un dernier et elle sait qu\u2019elle peut le perdre \u00e0 tout moment. On n\u2019imagine pas le calvaire que cela doit \u00eatre\u00a0\u00bb.<\/p>\n<p>Une injustice que les Rouennais ne veulent pas passer sous silence<\/p>\n<p class=\" wall-content\">Christine Leclerc est elle aussi venue avec ses amis en soutien \u00e0 la famille de Mehdi Kessaci. Elle ajoute : \u00ab\u00a0Je pense aussi qu\u2019il est important de montrer que l\u2019on trouve injuste cet assassinat. On est l\u00e0 pour montrer qu\u2019on n\u2019accepte pas le narcotrafic et que l\u2019on ne veut surtout pas qu\u2019il s\u2019installe de trop ici\u00a0\u00bb. \u00c0 noter, pour les services de l\u2019\u00c9tat, le narcotrafic constitue <strong>une priorit\u00e9 aussi \u00e9lev\u00e9e que la menace terroriste<\/strong>.<\/p>\n<p class=\" wall-content\">Vers 13h, les conversations cessent et chacun retourne \u00e0 ses activit\u00e9s.\u00a0\u00a0<\/p>\n<p>Suivez l\u2019actualit\u00e9 de Rouen <a href=\"https:\/\/www.whatsapp.com\/channel\/0029VaKfnf99hXF2ddApFB1D\" target=\"_blank\" rel=\"noopener\">sur notre cha\u00eene WhatsApp<\/a> et <a href=\"https:\/\/www.tiktok.com\/@76actu.fr?lang=fr\" target=\"_blank\" rel=\"noopener\">sur notre compte TikTok<\/a><\/p>\n<p class=\" wall-content\">Personnalisez votre actualit\u00e9 en ajoutant vos villes et m\u00e9dias en favori avec <a href=\"https:\/\/moncompte.actu.fr\" title=\"D\u00e9couvez Mon Actu\" rel=\"nofollow noopener\" data-trk=\"{&quot;cta&quot;:{&quot;action&quot;:&quot;https:\\\/\\\/moncompte.actu.fr&quot;,&quot;category&quot;:&quot;mon compte&quot;,&quot;from&quot;:&quot;article footer&quot;,&quot;name&quot;:&quot;Mon actu&quot;,&quot;type&quot;:&quot;cta&quot;}}\" target=\"_blank\">Mon Actu<\/a>.<\/p>\n<p>                    <script async src=\"\/\/www.tiktok.com\/embed.js\"><\/script><\/p>\n","protected":false},"excerpt":{"rendered":"Par Lily Dedeye Publi\u00e9 le 24 nov. 2025 \u00e0 17h51 En ce lundi 24 novembre 2025, \u00e0 12h30,&hellip;\n","protected":false},"author":2,"featured_media":556339,"comment_status":"","ping_status":"","sticky":false,"template":"","format":"standard","meta":{"footnotes":""},"categories":[9587],"tags":[1111,11,1052,1777,674,1011,27,813,12,13268,5161,25,9590,104],"class_list":{"0":"post-556338","1":"post","2":"type-post","3":"status-publish","4":"format-standard","5":"has-post-thumbnail","7":"category-rouen","8":"tag-actu","9":"tag-actualites","10":"tag-drogue","11":"tag-eu","12":"tag-europe","13":"tag-fr","14":"tag-france","15":"tag-narcotrafiquants","16":"tag-news","17":"tag-nicolas-mayer-rossignol","18":"tag-normandie","19":"tag-republique-francaise","20":"tag-rouen","21":"tag-societe"},"share_on_mastodon":{"url":"https:\/\/pubeurope.com\/@fr\/115607081122273014","error":""},"_links":{"self":[{"href":"https:\/\/www.europesays.com\/fr\/wp-json\/wp\/v2\/posts\/556338","targetHints":{"allow":["GET"]}}],"collection":[{"href":"https:\/\/www.europesays.com\/fr\/wp-json\/wp\/v2\/posts"}],"about":[{"href":"https:\/\/www.europesays.com\/fr\/wp-json\/wp\/v2\/types\/post"}],"author":[{"embeddable":true,"href":"https:\/\/www.europesays.com\/fr\/wp-json\/wp\/v2\/users\/2"}],"replies":[{"embeddable":true,"href":"https:\/\/www.europesays.com\/fr\/wp-json\/wp\/v2\/comments?post=556338"}],"version-history":[{"count":0,"href":"https:\/\/www.europesays.com\/fr\/wp-json\/wp\/v2\/posts\/556338\/revisions"}],"wp:featuredmedia":[{"embeddable":true,"href":"https:\/\/www.europesays.com\/fr\/wp-json\/wp\/v2\/media\/556339"}],"wp:attachment":[{"href":"https:\/\/www.europesays.com\/fr\/wp-json\/wp\/v2\/media?parent=556338"}],"wp:term":[{"taxonomy":"category","embeddable":true,"href":"https:\/\/www.europesays.com\/fr\/wp-json\/wp\/v2\/categories?post=556338"},{"taxonomy":"post_tag","embeddable":true,"href":"https:\/\/www.europesays.com\/fr\/wp-json\/wp\/v2\/tags?post=556338"}],"curies":[{"name":"wp","href":"https:\/\/api.w.org\/{rel}","templated":true}]}}