{"id":556346,"date":"2025-11-24T22:44:22","date_gmt":"2025-11-24T22:44:22","guid":{"rendered":"https:\/\/www.europesays.com\/fr\/556346\/"},"modified":"2025-11-24T22:44:22","modified_gmt":"2025-11-24T22:44:22","slug":"avec-bulles-dhiver-la-bande-dessinee-revient-dimanche-a-chavagne","status":"publish","type":"post","link":"https:\/\/www.europesays.com\/fr\/556346\/","title":{"rendered":"Avec Bulles d\u2019hiver, la bande dessin\u00e9e revient dimanche \u00e0 Chavagne"},"content":{"rendered":"<p>Le festival se d\u00e9roule dimanche 30\u00a0novembre, de 10\u00a0h \u00e0 17\u00a0h\u00a030. \u00a0L\u2019un des objectifs de ce festival est de faire d\u00e9couvrir la richesse de la cr\u00e9ation locale en mati\u00e8re de bande dessin\u00e9e, indique Fabienne Hemery, adjointe en charge de la culture. Nous avons \u00e0 c\u0153ur de susciter la curiosit\u00e9 des passionn\u00e9s du 9e art et de faire rayonner la commune de la commune.\u00a0 <br \/>Diverses interventions sont programm\u00e9es jusqu\u2019au samedi 29\u00a0novembre 2025, dans les \u00e9coles de la commune, de Baulon, de Lassy, de la Maison familiale rurale (MFR) et \u00e0 la biblioth\u00e8que.<br \/>Les auteurs accueillis au festival rencontreront les jeunes. \u00a0L\u2019occasion pour ces \u00e9l\u00e8ves de d\u00e9couvrir un m\u00e9tier, un support et pourquoi pas d\u2019apprendre \u00e0 dessiner, indique Marie Trouv\u00e9, responsable de la m\u00e9diath\u00e8que La Parenth\u00e8se. Ce festival accueillera des auteurs, illustrateurs qui s\u2019adressent \u00e0 tous les \u00e2ges, et est destin\u00e9 au grand public.\u00a0<\/p>\n<p>Des ateliers cr\u00e9atifs<\/p>\n<p>Lors de cette journ\u00e9e, le public pourra rencontrer une quinzaine d\u2019artistes et faire d\u00e9dicacer leurs ouvrages. Parmi les invit\u00e9s, il y aura trois auteurs ind\u00e9pendants, ainsi que l\u2019association La Vilaine. La librairie Refuge sera \u00e9galement pr\u00e9sente. \u00a0Des ateliers cr\u00e9atifs et artistiques seront accessibles aux petits et aux grands\u00a0, encha\u00eene Marie Trouv\u00e9.<br \/>La m\u00e9diath\u00e8que accueillera \u00e9galement Kris, auteur prolifique et adepte de r\u00e9cits historiques, samedi 29\u00a0novembre 2025, \u00e0 15\u00a0h, pour une rencontre avec le public. Cette ann\u00e9e, il s\u2019associe \u00e0 Hugo D\u00e9crypte dans une bande dessin\u00e9e sur l\u2019histoire de la Russie. \u00a0Leur travail s\u2019adresse \u00e0 tous. Passionn\u00e9s d\u2019histoires, adolescents et adultes seront les bienvenus pour un temps d\u2019\u00e9change privil\u00e9gi\u00e9.\u00a0 <\/p>\n<p><strong>Samedi 29\u00a0novembre 2025<\/strong>, \u00e0 15\u00a0h, rencontre avec l\u2019auteur Kris. <strong>Dimanche 30<\/strong>\u00a0<strong>novembre 2025, <\/strong>de 10\u00a0h \u00e0 17\u00a0h\u00a030, salle des Lavandi\u00e8res. Gratuit. Inscription et renseignements au 02\u00a099\u00a042\u00a018\u00a060 ou sur le site www.goven.fr.\u00a0Buvette sur place.<\/p>\n<p>\u00a0<\/p>\n","protected":false},"excerpt":{"rendered":"Le festival se d\u00e9roule dimanche 30\u00a0novembre, de 10\u00a0h \u00e0 17\u00a0h\u00a030. \u00a0L\u2019un des objectifs de ce festival est de&hellip;\n","protected":false},"author":2,"featured_media":556347,"comment_status":"","ping_status":"","sticky":false,"template":"","format":"standard","meta":{"footnotes":""},"categories":[2821],"tags":[1111,11,26062,829,67390,11292,36069,6664,1777,674,1011,27,6736,12,584,25,14173,3728],"class_list":{"0":"post-556346","1":"post","2":"type-post","3":"status-publish","4":"format-standard","5":"has-post-thumbnail","7":"category-rennes","8":"tag-actu","9":"tag-actualites","10":"tag-bande","11":"tag-bretagne","12":"tag-bulles","13":"tag-chavagne","14":"tag-dessinee","15":"tag-dimanche","16":"tag-eu","17":"tag-europe","18":"tag-fr","19":"tag-france","20":"tag-hiver","21":"tag-news","22":"tag-rennes","23":"tag-republique-francaise","24":"tag-revient","25":"tag-saint-malo"},"share_on_mastodon":{"url":"https:\/\/pubeurope.com\/@fr\/115607100694604154","error":""},"_links":{"self":[{"href":"https:\/\/www.europesays.com\/fr\/wp-json\/wp\/v2\/posts\/556346","targetHints":{"allow":["GET"]}}],"collection":[{"href":"https:\/\/www.europesays.com\/fr\/wp-json\/wp\/v2\/posts"}],"about":[{"href":"https:\/\/www.europesays.com\/fr\/wp-json\/wp\/v2\/types\/post"}],"author":[{"embeddable":true,"href":"https:\/\/www.europesays.com\/fr\/wp-json\/wp\/v2\/users\/2"}],"replies":[{"embeddable":true,"href":"https:\/\/www.europesays.com\/fr\/wp-json\/wp\/v2\/comments?post=556346"}],"version-history":[{"count":0,"href":"https:\/\/www.europesays.com\/fr\/wp-json\/wp\/v2\/posts\/556346\/revisions"}],"wp:featuredmedia":[{"embeddable":true,"href":"https:\/\/www.europesays.com\/fr\/wp-json\/wp\/v2\/media\/556347"}],"wp:attachment":[{"href":"https:\/\/www.europesays.com\/fr\/wp-json\/wp\/v2\/media?parent=556346"}],"wp:term":[{"taxonomy":"category","embeddable":true,"href":"https:\/\/www.europesays.com\/fr\/wp-json\/wp\/v2\/categories?post=556346"},{"taxonomy":"post_tag","embeddable":true,"href":"https:\/\/www.europesays.com\/fr\/wp-json\/wp\/v2\/tags?post=556346"}],"curies":[{"name":"wp","href":"https:\/\/api.w.org\/{rel}","templated":true}]}}