{"id":556353,"date":"2025-11-24T22:50:23","date_gmt":"2025-11-24T22:50:23","guid":{"rendered":"https:\/\/www.europesays.com\/fr\/556353\/"},"modified":"2025-11-24T22:50:23","modified_gmt":"2025-11-24T22:50:23","slug":"lancienne-prefete-de-lardeche-francoise-souliman-candidate-avec-eric-ciotti","status":"publish","type":"post","link":"https:\/\/www.europesays.com\/fr\/556353\/","title":{"rendered":"l\u2019ancienne pr\u00e9f\u00e8te de l\u2019Ard\u00e8che, Fran\u00e7oise Souliman, candidate avec \u00c9ric Ciotti"},"content":{"rendered":"<p>Elle serait m\u00eame num\u00e9ro 2 sur la liste du candidat \u00e0 la mairie de Nice, pr\u00e9sident de l\u2019Union des droites pour la R\u00e9publique, soutenue par le Rassemblement national.<\/p>\n<p>En cas d\u2019\u00e9lection, elle devrait occuper les fonctions d\u2019adjointe \u00e0 la s\u00e9curit\u00e9. La haut-fonctionnaire <a href=\"https:\/\/www.ledauphine.com\/ardeche\/2018\/10\/24\/francoise-souliman-est-la-nouvelle-prefete-du-departement\" target=\"_blank\" rel=\"noopener\">a travaill\u00e9 en Ard\u00e8che<\/a> d\u2019octobre 2018 \u00e0 2021. Elle a \u00e9t\u00e9 la premi\u00e8re pr\u00e9f\u00e8te de l\u2019Ard\u00e8che. Elle a notamment d\u00fb g\u00e9rer la crise des gilets jaunes et le s\u00e9isme du Teil en novembre 2019. Elle est aujourd\u2019hui \u00e2g\u00e9e de 64 ans.<\/p>\n<p>Ce contenu est bloqu\u00e9 car vous n&rsquo;avez pas accept\u00e9 les cookies et autres traceurs.<\/p>\n<p>En cliquant sur \u00ab J\u2019accepte \u00bb, les cookies et autres traceurs seront d\u00e9pos\u00e9s et vous pourrez visualiser les contenus  (<a href=\"\" class=\"consentModule_policy\" target=\"_blank\" title=\"Consulter la politique de protection des donn\u00e9es du fournisseur\">plus d&rsquo;informations<\/a>).<\/p>\n<p>En cliquant sur \u00ab J\u2019accepte tous les cookies \u00bb, vous autorisez des d\u00e9p\u00f4ts de cookies et autres traceurs pour le stockage de vos donn\u00e9es sur nos sites et applications \u00e0 des fins de personnalisation et de ciblage publicitaire.<\/p>\n<p class=\"consentModule_secondaryText\">Vous gardez la possibilit\u00e9 de retirer votre consentement \u00e0 tout moment en consultant notre <a href=\"https:\/\/www.ledauphine.com\/protection-des-donnees\" target=\"_blank\" title=\"Consulter notre politique de protection des donn\u00e9es\" rel=\"noopener\">politique de protection des donn\u00e9es<\/a>. <br \/>&#13;<br \/>\n            <a href=\"https:\/\/www.ledauphine.com\/politique\/2025\/11\/24\/javascript:Didomi.notice.show()\" class=\"consentModule_cmp\" target=\"_blank\" rel=\"noopener\">G\u00e9rer mes choix<\/a>&#13;\n        <\/p>\n<p>&#13;<br \/>\n                        J&rsquo;accepte&#13;<br \/>\n            J&rsquo;accepte tous les cookies&#13;\n        <\/p>\n<p><a href=\"https:\/\/www.ledauphine.com\/drome\/2018\/11\/18\/francoise-souliman-charles-pasqua-m-a-appris-a-travailler\" target=\"_blank\" rel=\"noopener\">Native de Poitiers<\/a> dans la Vienne, elle a \u00e9t\u00e9 de 2004 \u00e0 d\u00e9but 2007, sous-pr\u00e9f\u00e8te, directrice de cabinet \u00e0 Nice. En poste \u00e0 la pr\u00e9fecture toulousaine de 2009 \u00e0 2012, elle a g\u00e9r\u00e9 d\u2019importantes crises comme les attentats de Mohamed Merah. Elle a ensuite \u00e9tait repr\u00e9sentante de l\u2019\u00c9tat en Haute-Marne, en Eure-et-Loir et en Meurthe-et-Moselle jusqu\u2019en ao\u00fbt 2025. \u00ab\u00a0Nice c\u2019est un choix de c\u0153ur, une \u00e9vidence et c\u2019est l\u00e0 o\u00f9 j\u2019ai d\u00e9but ma carri\u00e8re pr\u00e9fectorale.<\/p>\n<p>Ce choix n\u2019est pas facile quand on est haut-fonctionnaire mais c\u2019est parce que je connais bien <a href=\"https:\/\/www.ledauphine.com\/p\/eric-ciotti\" target=\"_blank\" rel=\"noopener\">\u00c9ric Ciotti<\/a> et ses valeurs gaullistes que nous partageons depuis longtemps\u00a0\u00bb, a-t-elle indiqu\u00e9. \u00a0S\u2019il l\u2019emporte \u00e0 Nice contre son ancien mentor, <a href=\"https:\/\/www.ledauphine.com\/p\/christian-estrosi\" target=\"_blank\" rel=\"noopener\">Christian Estrosi<\/a> (DVD), Eric Ciotti a promis de doubler les effectifs de la police municipale.<\/p>\n","protected":false},"excerpt":{"rendered":"Elle serait m\u00eame num\u00e9ro 2 sur la liste du candidat \u00e0 la mairie de Nice, pr\u00e9sident de l\u2019Union&hellip;\n","protected":false},"author":2,"featured_media":556354,"comment_status":"","ping_status":"","sticky":false,"template":"","format":"standard","meta":{"footnotes":""},"categories":[2819],"tags":[1111,11,4646,4645,4188,1777,674,107,1011,27,12,2401,316,17020,882,1078,25],"class_list":{"0":"post-556353","1":"post","2":"type-post","3":"status-publish","4":"format-standard","5":"has-post-thumbnail","7":"category-nice","8":"tag-actu","9":"tag-actualites","10":"tag-ardeche","11":"tag-edition-aubenas-privas-vallee-du-rhone","12":"tag-elections-municipales","13":"tag-eu","14":"tag-europe","15":"tag-fil-info","16":"tag-fr","17":"tag-france","18":"tag-news","19":"tag-nice","20":"tag-politique","21":"tag-privas","22":"tag-provence-alpes-cote-dazur","23":"tag-rassemblement-national","24":"tag-republique-francaise"},"share_on_mastodon":{"url":"https:\/\/pubeurope.com\/@fr\/115607124278294286","error":""},"_links":{"self":[{"href":"https:\/\/www.europesays.com\/fr\/wp-json\/wp\/v2\/posts\/556353","targetHints":{"allow":["GET"]}}],"collection":[{"href":"https:\/\/www.europesays.com\/fr\/wp-json\/wp\/v2\/posts"}],"about":[{"href":"https:\/\/www.europesays.com\/fr\/wp-json\/wp\/v2\/types\/post"}],"author":[{"embeddable":true,"href":"https:\/\/www.europesays.com\/fr\/wp-json\/wp\/v2\/users\/2"}],"replies":[{"embeddable":true,"href":"https:\/\/www.europesays.com\/fr\/wp-json\/wp\/v2\/comments?post=556353"}],"version-history":[{"count":0,"href":"https:\/\/www.europesays.com\/fr\/wp-json\/wp\/v2\/posts\/556353\/revisions"}],"wp:featuredmedia":[{"embeddable":true,"href":"https:\/\/www.europesays.com\/fr\/wp-json\/wp\/v2\/media\/556354"}],"wp:attachment":[{"href":"https:\/\/www.europesays.com\/fr\/wp-json\/wp\/v2\/media?parent=556353"}],"wp:term":[{"taxonomy":"category","embeddable":true,"href":"https:\/\/www.europesays.com\/fr\/wp-json\/wp\/v2\/categories?post=556353"},{"taxonomy":"post_tag","embeddable":true,"href":"https:\/\/www.europesays.com\/fr\/wp-json\/wp\/v2\/tags?post=556353"}],"curies":[{"name":"wp","href":"https:\/\/api.w.org\/{rel}","templated":true}]}}