{"id":556357,"date":"2025-11-24T22:53:12","date_gmt":"2025-11-24T22:53:12","guid":{"rendered":"https:\/\/www.europesays.com\/fr\/556357\/"},"modified":"2025-11-24T22:53:12","modified_gmt":"2025-11-24T22:53:12","slug":"concerts-scenes-drag-plus-de-cent-rendez-vous-culturels-sinvitent-dans-les-bars-de-nantes","status":"publish","type":"post","link":"https:\/\/www.europesays.com\/fr\/556357\/","title":{"rendered":"Concerts, sc\u00e8nes, drag\u2026 Plus de cent rendez-vous culturels s\u2019invitent dans les bars de Nantes"},"content":{"rendered":"<p>Quand les bars deviennent les c\u0153urs battants de la culture. C\u2019est le principe du festival Culture bar-bars, n\u00e9 \u00e0 Nantes il y a vingt-trois ans et qui prend place aujourd\u2019hui dans pr\u00e8s de soixante-dix villes de France. Il d\u00e9cline 108\u00a0rendez-vous dans des \u00e9tablissements de Nantes (Loire-Atlantique), du mercredi\u00a026 au dimanche 30\u00a0novembre. Derri\u00e8re cet \u00e9v\u00e9nement, une volont\u00e9 de d\u00e9fendre la sc\u00e8ne locale.<\/p>\n<p>Cette ann\u00e9e, <strong>\u00ab\u00a0la culture se pr\u00e9sente sous toutes ses formes\u00a0\u00bb, <\/strong>explique Lyane Saint-Pierre, charg\u00e9e de mission du collectif Culture bar-bars. Des expositions, des spectacles, du stand-up ou du drag seront pr\u00e9sent\u00e9s dans plusieurs. Et cela commencera \u00e0 la brasserie Boucan, rue Four\u00e9, pour la soir\u00e9e d\u2019inauguration, mercredi, \u00e0 18\u00a0h\u00a030. Une petite c\u00e9r\u00e9monie est pr\u00e9vue, suivie d\u2019un moment convivial. Quelques notes de musique lanceront les festivit\u00e9s.<\/p>\n<p>Expos, sc\u00e8nes ou concerts<\/p>\n<p>Ensuite, les chevaux seront l\u00e2ch\u00e9s. Le bar Mon oncle, rue d\u2019Alger, accueillera une exposition de l\u2019illustrateur [BF] et du th\u00e9\u00e2tre d\u2019impro avec la compagnie Le cidre, vendredi, \u00e0 20\u00a0h\u00a030. Pour les amateurs de sc\u00e8ne, de mercredi \u00e0 samedi, on c\u00e9l\u00e9brera les quatre\u00a0ans du <a href=\"https:\/\/nantes.maville.com\/actu\/actudet_-le-micro-comedy-club-pierre-angulaire-de-l-essor-du-stand-up-nantais-_52716-6473140_actu.Htm\" target=\"_blank\" rel=\"noopener\">Micro comedy club<\/a>, avec les jeunes talents nantais. Le rendez-vous \u00e0 ne pas manquer\u00a0: une soir\u00e9e drag et queer, samedi, \u00e0 partir de 20\u00a0h, au Little Atlantique brewery.<\/p>\n<p>La proposition musicale de Culture bar-bars<strong> \u00ab\u00a0se d\u00e9cline sur plusieurs styles,<\/strong> confirme Jeanne Caillaudeau, pr\u00e9sidente du collectif. <strong>La place du live est un pilier important pour cette programmation, qui se d\u00e9fend aussi bien dans des caf\u00e9s de quartier que dans des clubs.\u00a0\u00bb<\/strong> Elle s\u2019organise \u00e0 travers un parcours \u00e9clectique\u00a0: Lenparrot au bar Belle de jour, vendredi\u00a0; la carte blanche d\u2019Uzi Freyja, avec ses sonorit\u00e9s punk, jeudi, \u00e0 20\u00a0h au bar du CafK\u00a0; le rappeur M\u00e9dine au Warehouse, une soir\u00e9e \u00e9lectro Vibe or shake your ass au Fleurs du malt\u2026 Il y en aura pour tous les go\u00fbts.<\/p>\n<p>L\u2019esprit de Culture bar-bars, c\u2019est aussi sanctuariser les bars comme des espaces bienveillants. Dans l\u2019id\u00e9e de faire la f\u00eate de mani\u00e8re responsable, on retrouvera un <a href=\"https:\/\/rennes.maville.com\/actu\/actudet_-le-violentometre-un-outil-pour-mesurer-la-toxicite-d-une-relation-amoureuse_54135-3764314_actu.Htm\" target=\"_blank\" rel=\"noopener\">violentom\u00e8tre<\/a> au sein des \u00e9tablissements, permettant de mesurer les interactions sociales acceptables ou pas.<\/p>\n<p><strong>Du mercredi\u00a026 au samedi 30\u00a0novembre,<\/strong> festival Culture bar-bars, \u00e0 Nantes, <a href=\"https:\/\/festival.bar-bars.com\/\" target=\"_blank\" rel=\"noopener\">festival.bar-bars.com<\/a>.<\/p>\n<p>\u00a0<\/p>\n","protected":false},"excerpt":{"rendered":"Quand les bars deviennent les c\u0153urs battants de la culture. C\u2019est le principe du festival Culture bar-bars, n\u00e9&hellip;\n","protected":false},"author":2,"featured_media":556358,"comment_status":"","ping_status":"","sticky":false,"template":"","format":"standard","meta":{"footnotes":""},"categories":[2818],"tags":[1111,11,7168,37429,4156,19354,25682,1777,674,849,1011,27,4567,19134,766,12,2636,12407,25,5890],"class_list":{"0":"post-556357","1":"post","2":"type-post","3":"status-publish","4":"format-standard","5":"has-post-thumbnail","7":"category-nantes","8":"tag-actu","9":"tag-actualites","10":"tag-bars","11":"tag-cent","12":"tag-concerts","13":"tag-culturels","14":"tag-drag","15":"tag-eu","16":"tag-europe","17":"tag-festival","18":"tag-fr","19":"tag-france","20":"tag-grace","21":"tag-invitent","22":"tag-nantes","23":"tag-news","24":"tag-pays-de-la-loire","25":"tag-rendez-vous","26":"tag-republique-francaise","27":"tag-scenes"},"share_on_mastodon":{"url":"https:\/\/pubeurope.com\/@fr\/115607136221447184","error":""},"_links":{"self":[{"href":"https:\/\/www.europesays.com\/fr\/wp-json\/wp\/v2\/posts\/556357","targetHints":{"allow":["GET"]}}],"collection":[{"href":"https:\/\/www.europesays.com\/fr\/wp-json\/wp\/v2\/posts"}],"about":[{"href":"https:\/\/www.europesays.com\/fr\/wp-json\/wp\/v2\/types\/post"}],"author":[{"embeddable":true,"href":"https:\/\/www.europesays.com\/fr\/wp-json\/wp\/v2\/users\/2"}],"replies":[{"embeddable":true,"href":"https:\/\/www.europesays.com\/fr\/wp-json\/wp\/v2\/comments?post=556357"}],"version-history":[{"count":0,"href":"https:\/\/www.europesays.com\/fr\/wp-json\/wp\/v2\/posts\/556357\/revisions"}],"wp:featuredmedia":[{"embeddable":true,"href":"https:\/\/www.europesays.com\/fr\/wp-json\/wp\/v2\/media\/556358"}],"wp:attachment":[{"href":"https:\/\/www.europesays.com\/fr\/wp-json\/wp\/v2\/media?parent=556357"}],"wp:term":[{"taxonomy":"category","embeddable":true,"href":"https:\/\/www.europesays.com\/fr\/wp-json\/wp\/v2\/categories?post=556357"},{"taxonomy":"post_tag","embeddable":true,"href":"https:\/\/www.europesays.com\/fr\/wp-json\/wp\/v2\/tags?post=556357"}],"curies":[{"name":"wp","href":"https:\/\/api.w.org\/{rel}","templated":true}]}}