{"id":556363,"date":"2025-11-24T22:56:21","date_gmt":"2025-11-24T22:56:21","guid":{"rendered":"https:\/\/www.europesays.com\/fr\/556363\/"},"modified":"2025-11-24T22:56:21","modified_gmt":"2025-11-24T22:56:21","slug":"decouvrez-le-maillot-europe-de-cette-saison-25-26-actualites-union-bordeaux-begles-ubb-rugby","status":"publish","type":"post","link":"https:\/\/www.europesays.com\/fr\/556363\/","title":{"rendered":"D\u00e9couvrez le Maillot Europe de cette saison 25-26 ! &#8211; Actualit\u00e9s &#8211; Union Bordeaux B\u00e8gles (UBB Rugby)"},"content":{"rendered":"<p>                    L\u2019UNION BORDEAUX B\u00c8GLES ET KAPPA D\u00c9VOILENT LE MAILLOT THIRD \u201cEUROPE\u201d 2025 &#8211; 2026<\/p>\n<p>Maillot third &#8211; Europe is calling<\/p>\n<p><strong>Bordeaux, le 24 novembre 2025 \u2014<\/strong> L\u2019Union Bordeaux B\u00e8gles et Kappa pr\u00e9sentent le nouveau maillot Third \u201cEurope\u201d, qui sera port\u00e9 dans le cadre de la nouvelle saison de l\u2019Investec Champions Cup, dont l\u2019UBB est tenante du titre.<\/p>\n<p><img loading=\"lazy\" decoding=\"async\" src=\"https:\/\/www.europesays.com\/fr\/wp-content\/uploads\/2025\/11\/fin.png\" alt=\"\" width=\"1200\" height=\"1200\"\/><\/p>\n<p class=\"text-highlight\">Un design en continuit\u00e9 avec l\u2019\u00e9dition pr\u00e9c\u00e9dente<\/p>\n<p>Si le maillot Third conserve son bleu marine traditionnel et les lignes verticales introduites la saison derni\u00e8re, il int\u00e8gre d\u00e9sormais :<\/p>\n<ul>\n<li><strong>De nouvelles couleurs,<\/strong> avec un bleu \u201cnomade\u201d plus clair et le parme qui, d\u00e9j\u00e0 pr\u00e9sent dans les collections officielles de l\u2019UBB cette saison, vient rehausser l\u2019ensemble en apparaissant notamment sur le col.<\/li>\n<li><strong>L\u2019\u00e9toile brod\u00e9e<\/strong>, symbole du sacre europ\u00e9en.<\/li>\n<li><strong>Le patch Champion 2025,<\/strong> qui sera disponible en option en boutiques.<\/li>\n<\/ul>\n<p class=\"text-highlight\">D\u00e9part imminent<\/p>\n<p>La mise en sc\u00e8ne du reveal invite \u00e0 \u201csortir du cadre\u201d \u00e0 travers une s\u00e9rie de tableaux d\u2019inspiration vintage o\u00f9 les joueurs sont acteurs de sc\u00e8nes du quotidien, en \u00e9cho au th\u00e8me du voyage.<\/p>\n<p>Le maillot est ici pr\u00e9sent\u00e9 par six joueurs : <strong>Marko Gazzotti, Damian Penaud, Yoram Moefana, Adam Coleman, Ben Tameifuna<\/strong>, tous impliqu\u00e9s dans la finale victorieuse du <strong>24 mai dernier<\/strong>, ainsi que par la recrue sud-africaine <strong>Jean-Luc Du Preez<\/strong>.<\/p>\n<p><img loading=\"lazy\" decoding=\"async\" src=\"https:\/\/www.europesays.com\/fr\/wp-content\/uploads\/2025\/11\/Plan de travail 1.png\" alt=\"\" width=\"1200\" height=\"1200\"\/><\/p>\n<p class=\"text-highlight\">Technologie et performance<\/p>\n<p>Le maillot reprend la technologie <strong>KOMBAT PRO<\/strong>, offrant une tenue adapt\u00e9e aux exigences du haut niveau :<\/p>\n<ul>\n<li>textile technique seconde peau,<\/li>\n<li>r\u00e9sistance renforc\u00e9e,<\/li>\n<li>\u00e9lasticit\u00e9 ma\u00eetris\u00e9e,<\/li>\n<li>optimisation de la thermor\u00e9gulation.<\/li>\n<\/ul>\n<p class=\"text-highlight\">D\u00e9j\u00e0 disponible<\/p>\n<p>Ce nouveau maillot est d\u00e9sormais disponible :<\/p>\n<ul>\n<li>en <strong>boutique UBB Store<\/strong> (Bord\u2019eau Village, quai des Chartrons)<\/li>\n<li>sur l\u2019<strong>e-shop officiel<\/strong> du club :\u00a0<a class=\"link-btn link-btn-arrow\" href=\"https:\/\/www.ubbrugby.com\/admin\/shop.ubbrugby.com\" target=\"_blank\" rel=\"noopener\">shop.ubbrugby.com<\/a><\/li>\n<li><strong>dans les boutiques du stade Chaban Delmas,<\/strong> samedi 15 d\u00e9cembre prochain (18h30), \u00e0 l\u2019occasion de la r\u00e9ception des Scarlets gallois. La billetterie est par ailleurs ouverte pour ce choc qui marquera le retour de la comp\u00e9tition \u00e0 Bordeaux.<\/li>\n<\/ul>\n","protected":false},"excerpt":{"rendered":"L\u2019UNION BORDEAUX B\u00c8GLES ET KAPPA D\u00c9VOILENT LE MAILLOT THIRD \u201cEUROPE\u201d 2025 &#8211; 2026 Maillot third &#8211; Europe is&hellip;\n","protected":false},"author":2,"featured_media":556364,"comment_status":"","ping_status":"","sticky":false,"template":"","format":"standard","meta":{"footnotes":""},"categories":[2817],"tags":[1111,47,11,4402,1997,4404,4401,4356,4400,4357,1983,1777,674,1011,27,1987,1114,2947,955,12,2219,4048,25,479,517,2858,478,4364,4403,1264],"class_list":{"0":"post-556363","1":"post","2":"type-post","3":"status-publish","4":"format-standard","5":"has-post-thumbnail","7":"category-bordeaux","8":"tag-actu","9":"tag-actualite","10":"tag-actualites","11":"tag-begles","12":"tag-bordeaux","13":"tag-chaban","14":"tag-challenge-cup","15":"tag-coronavirus","16":"tag-covid","17":"tag-covid-19","18":"tag-essai","19":"tag-eu","20":"tag-europe","21":"tag-fr","22":"tag-france","23":"tag-girondins","24":"tag-infos","25":"tag-lnr","26":"tag-match","27":"tag-news","28":"tag-nouvelle-aquitaine","29":"tag-presse","30":"tag-republique-francaise","31":"tag-rugby","32":"tag-sport","33":"tag-stade","34":"tag-top-14","35":"tag-ubb","36":"tag-union","37":"tag-victoire"},"share_on_mastodon":{"url":"https:\/\/pubeurope.com\/@fr\/115607149104327256","error":""},"_links":{"self":[{"href":"https:\/\/www.europesays.com\/fr\/wp-json\/wp\/v2\/posts\/556363","targetHints":{"allow":["GET"]}}],"collection":[{"href":"https:\/\/www.europesays.com\/fr\/wp-json\/wp\/v2\/posts"}],"about":[{"href":"https:\/\/www.europesays.com\/fr\/wp-json\/wp\/v2\/types\/post"}],"author":[{"embeddable":true,"href":"https:\/\/www.europesays.com\/fr\/wp-json\/wp\/v2\/users\/2"}],"replies":[{"embeddable":true,"href":"https:\/\/www.europesays.com\/fr\/wp-json\/wp\/v2\/comments?post=556363"}],"version-history":[{"count":0,"href":"https:\/\/www.europesays.com\/fr\/wp-json\/wp\/v2\/posts\/556363\/revisions"}],"wp:featuredmedia":[{"embeddable":true,"href":"https:\/\/www.europesays.com\/fr\/wp-json\/wp\/v2\/media\/556364"}],"wp:attachment":[{"href":"https:\/\/www.europesays.com\/fr\/wp-json\/wp\/v2\/media?parent=556363"}],"wp:term":[{"taxonomy":"category","embeddable":true,"href":"https:\/\/www.europesays.com\/fr\/wp-json\/wp\/v2\/categories?post=556363"},{"taxonomy":"post_tag","embeddable":true,"href":"https:\/\/www.europesays.com\/fr\/wp-json\/wp\/v2\/tags?post=556363"}],"curies":[{"name":"wp","href":"https:\/\/api.w.org\/{rel}","templated":true}]}}