{"id":556371,"date":"2025-11-24T23:05:29","date_gmt":"2025-11-24T23:05:29","guid":{"rendered":"https:\/\/www.europesays.com\/fr\/556371\/"},"modified":"2025-11-24T23:05:29","modified_gmt":"2025-11-24T23:05:29","slug":"black-friday-en-avance-et-concerts-a-la-bougie-jusqua-20-2","status":"publish","type":"post","link":"https:\/\/www.europesays.com\/fr\/556371\/","title":{"rendered":"Black Friday en avance et concerts \u00e0 la bougie jusqu&rsquo;\u00e0 -20%"},"content":{"rendered":"<p class=\"fw-bold font-size-16 my-1\"> <a href=\"https:\/\/www.jds.fr\/marseille\/\" target=\"_blank\" rel=\"noopener\">Marseille<\/a><\/p>\n<p class=\"fw-bold font-size-16 my-1\"> <a href=\"https:\/\/www.jds.fr\/artistes\/candlelight-26601_N\" target=\"_blank\" rel=\"noopener\">Les concerts Candlelight : dates de la tourn\u00e9e<\/a><\/p>\n<p class=\"intro\">\u00c0 Marseille, le Black Friday arrive en avance avec Candlelight\u00a0: jusqu&rsquo;au 28 novembre, une s\u00e9lection de concerts \u00e0 la bougie passe en promo, jusqu&rsquo;\u00e0 -20%. Si tu veux vivre Coldplay &amp; Imagine Dragons, Queen, Bad Bunny ou Vivaldi dans des lieux comme le Th\u00e9\u00e2tre de l&rsquo;Oeuvre, Cosquer M\u00e9diterran\u00e9e ou le Palais du Pharo, c&rsquo;est le moment de t&rsquo;y int\u00e9resser s\u00e9rieusement.<\/p>\n<p><a data-lightbox=\"article\" data-title=\"Candlelight Black Friday : des concerts \u00e0 la bougie en promo jusqu&#039;\u00e0 -20% DR\" class=\"image detail fullwidth  position-relative d-block\" href=\"https:\/\/www.jds.fr\/medias\/image\/candlelight-black-friday-des-concerts-a-la-bougie-1-775989-920-0-F.webp\" title=\"Candlelight Black Friday : des concerts \u00e0 la bougie en promo jusqu&#039;\u00e0 -20% DR\" target=\"_blank\" rel=\"noopener\"><br \/>\n<img decoding=\"async\" loading=\"lazy\" src=\"https:\/\/www.europesays.com\/fr\/wp-content\/uploads\/2025\/11\/candlelight-black-friday-des-concerts-a-la-bougie-1-775989-1200-0.webp.webp\"   width=\"685\" alt=\"Candlelight Black Friday : des concerts \u00e0 la bougie en promo jusqu'\u00e0 -20%\" class=\"border\"\/><br \/>\nDR<br \/>\nCandlelight Black Friday\u00a0: des concerts \u00e0 la bougie en promo jusqu&rsquo;\u00e0 -20%<br \/>\n<\/a><br \/>\nCandlelight Marseille\u00a0: le Black Friday version concerts \u00e0 la bougie<\/p>\n<p>Les <a href=\"https:\/\/www.jds.fr\/recherche-agenda\/?q=candlelight&amp;page=1&amp;sort=pertinence&amp;id_ville=9072&amp;city=Marseille\" target=\"_blank\" rel=\"noopener\">concerts Candlelight<\/a>, d\u00e9j\u00e0 pr\u00e9sents dans plus de 100 villes et pl\u00e9biscit\u00e9s par plus de 3 millions de participants, d\u00e9barquent \u00e0 Marseille avec un vrai twist Black Friday. Au programme dans la cit\u00e9 phoc\u00e9enne\u00a0: rap, pop, rock, classiques, musiques de films et soir\u00e9es sp\u00e9ciales, le tout dans une lumi\u00e8re uniquement compos\u00e9e de bougies. Certaines dates s&rsquo;affichent \u00e0 -10 %, d&rsquo;autres \u00e0 -20 %, avec des tarifs qui tombent autour de 15 ou 16 euros pour certaines soir\u00e9es.<\/p>\n<p class=\"mise_en_avant\">Les promos ne durent qu&rsquo;un temps, mais les concerts complets restent affich\u00e9s tout l&rsquo;hiver. Si tu veux profiter des r\u00e9ductions, ce n&rsquo;est clairement pas une op\u00e9ration \u00e0 faire\u00a0\u00ab\u00a0plus tard\u00a0\u00bb.<\/p>\n<p>Quelques soir\u00e9es immanquables \u00e0 Marseille\u00a0:<\/p>\n<ul>&#13;<\/p>\n<li><strong>Candlelight\u00a0: le meilleur du rap fran\u00e7ais<\/strong> et <a href=\"https:\/\/www.jds.fr\/marseille\/concerts\/candlelight-hommage-a-bad-bunny-1129435_A\" target=\"_blank\" rel=\"noopener\"><strong>hommage \u00e0 Bad Bunny<\/strong><\/a> au Th\u00e9\u00e2tre de l&rsquo;Oeuvre, avec des r\u00e9ductions Black Friday qui font baisser les prix d\u00e8s la fin novembre.<\/li>\n<p>&#13;<\/p>\n<li><a href=\"https:\/\/www.jds.fr\/marseille\/concerts\/candlelight-coldplay-et-imagine-dragons-1143019_A\" target=\"_blank\" rel=\"noopener\"><strong>Coldplay &amp; Imagine Dragons<\/strong><\/a>, tant\u00f4t au Th\u00e9\u00e2tre de l&rsquo;Oeuvre, tant\u00f4t \u00e0 Cosquer M\u00e9diterran\u00e9e, avec plusieurs dates en 2025 et 2026 et des sessions en promo jusqu&rsquo;\u00e0 -20 %.<\/li>\n<p>&#13;<\/p>\n<li>Des soir\u00e9es tr\u00e8s f\u00e9d\u00e9ratrices comme <a href=\"https:\/\/www.jds.fr\/marseille\/spectacles\/theatre\/candlelight-hommage-a-queen-1130112_A\" target=\"_blank\" rel=\"noopener\"><strong>hommage \u00e0 Queen<\/strong><\/a> au Th\u00e9\u00e2tre de l&rsquo;Oeuvre ou au Palais du Pharo, parfaites pour une premi\u00e8re exp\u00e9rience Candlelight entre amis ou en couple.<\/li>\n<p>&#13;<\/p>\n<li>Une touche plus cin\u00e9 avec <strong>hommage \u00e0 Hans Zimmer<\/strong> ou des <a href=\"https:\/\/www.jds.fr\/marseille\/concerts\/candlelight-les-classiques-de-noel-1129495_A\" target=\"_blank\" rel=\"noopener\"><strong>classiques de No\u00ebl<\/strong><\/a> au Th\u00e9\u00e2tre de l&rsquo;Oeuvre, histoire de se mettre dans l&rsquo;ambiance des f\u00eates sans attendre le 24 d\u00e9cembre.<\/li>\n<p>&#13;<\/p>\n<li>Et pour les amateurs de grandes voix et de r\u00e9pertoires mythiques, des concerts autour de <strong>Charles Aznavour<\/strong>, <strong>Fairuz<\/strong>, <strong>Jean Jacques Goldman<\/strong> ou encore <strong>Les Quatre Saisons de Vivaldi<\/strong> \u00e0 Cosquer M\u00e9diterran\u00e9e.<\/li>\n<p>&#13;\n<\/ul>\n<p>La particularit\u00e9 de Marseille, c&rsquo;est aussi la diversit\u00e9 des lieux\u00a0: l&rsquo;intimit\u00e9 du Th\u00e9\u00e2tre de l&rsquo;Oeuvre, le cadre atypique de Cosquer M\u00e9diterran\u00e9e, la vue imprenable du Palais du Pharo pour certaines dates. <strong>Tu peux laisser passer la vague Black Friday sur les gadgets, ou d\u00e9cider que ta meilleure\u00a0\u00ab\u00a0affaire\u00a0\u00bb cette ann\u00e9e, ce sera une soir\u00e9e Candlelight face \u00e0 la mer.<\/strong><\/p>\n<p>Galerie photos :<\/p>\n<ul class=\"clearfix list-unstyled galerie-mini d-flex flex-wrap\">\n<li class=\"p-2\"><a href=\"https:\/\/www.jds.fr\/medias\/image\/candlelight-black-friday-des-concerts-a-la-bougie-1-775989-1200-0-F.webp\" data-lightbox=\"galerie\" data-title=\"Candlelight Black Friday : des concerts \u00e0 la bougie en promo jusqu&#039;\u00e0 -20% DR\" target=\"_blank\" rel=\"noopener\"><img decoding=\"async\" loading=\"lazy\" src=\"https:\/\/www.europesays.com\/fr\/wp-content\/uploads\/2025\/11\/candlelight-black-friday-des-concerts-a-la-bougie-1-775989-200-200.webp.webp\" alt=\"Candlelight Black Friday : des concerts \u00e0 la bougie en promo jusqu'\u00e0 -20% DR\" width=\"200\" height=\"200\"\/><\/a><\/li>\n<\/ul>\n<p>Les actualit\u00e9s \u00e0  Marseille<\/p>\n<ul class=\"mt-3 list-unstyled list-articles-v2\">\n<li class=\"col-12 pt-4\" data-view-id-type=\"1\" data-view-id=\"1258410\" data-view-bc=\"0\"><a class=\"image\" href=\"https:\/\/www.jds.fr\/marseille\/magazine\/actu-magazine\/candlelight-black-friday-des-concerts-a-la-bougie-en-promo-jusqu-a-20-1258410_A\" target=\"_blank\" rel=\"noopener\"><img decoding=\"async\" loading=\"lazy\" src=\"https:\/\/www.europesays.com\/fr\/wp-content\/uploads\/2025\/11\/candlelight-black-friday-des-concerts-a-la-bougie-1-775989-180-180.webp.webp\" width=\"180\" height=\"180\" alt=\"Candlelight Black Friday : des concerts \u00e0 la bougie en promo jusqu'\u00e0 -20%\" class=\"border\"\/><\/a><\/li>\n<li class=\"col-12 pt-4\" data-view-id-type=\"1\" data-view-id=\"1249664\" data-view-bc=\"0\"><a class=\"image\" href=\"https:\/\/www.jds.fr\/marseille\/magazine\/actu-magazine\/les-5-pieces-de-theatre-qui-feront-parler-d-elles-a-marseille-en-decembre-1249664_A\" target=\"_blank\" rel=\"noopener\"><img decoding=\"async\" loading=\"lazy\" src=\"https:\/\/www.europesays.com\/fr\/wp-content\/uploads\/2025\/11\/les-5-pieces-de-theatre-qui-feront-parler-d-elles-770596-180-180.webp.webp\" width=\"180\" height=\"180\" alt=\"Les 5 pi\u00e8ces de th\u00e9\u00e2tre qui feront parler d\u2019elles \u00e0 Marseille en d\u00e9cembre\" class=\"border\"\/><\/a><\/li>\n<li class=\"col-12 pt-4\" data-view-id-type=\"1\" data-view-id=\"1242084\" data-view-bc=\"0\"><a class=\"image\" href=\"https:\/\/www.jds.fr\/marseille\/magazine\/actu-magazine\/jul-en-concert-a-marseille-en-2026-decouvrez-les-tarifs-des-places-1242084_A\" target=\"_blank\" rel=\"noopener\"><img decoding=\"async\" loading=\"lazy\" src=\"https:\/\/www.europesays.com\/fr\/wp-content\/uploads\/2025\/11\/jul-en-concert-a-marseille-en-decouvrez-les-tarifs-1-765084-180-180.webp.webp\" width=\"180\" height=\"180\" alt=\"JUL en concert \u00e0 Marseille en 2026 : d\u00e9couvrez les tarifs des places\" class=\"border\"\/><\/a><\/li>\n<\/ul>\n<p><a href=\"https:\/\/www.jds.fr\/marseille\/magazine\/\" class=\"btn btn-outline-primary py-2 px-4\" target=\"_blank\" rel=\"noopener\">Voir toutes les actualit\u00e9s \u00e0  Marseille<\/a><\/p>\n<p><a class=\"gp_div_clic_event\" data-id=\"3743\" rel=\"nofollow noopener\" href=\"https:\/\/www.jds.fr\/scripts\/gp_div_clic.php?redirection&amp;id=3743&amp;format=18\" target=\"_blank\"><img decoding=\"async\" loading=\"lazy\" src=\"https:\/\/www.europesays.com\/fr\/wp-content\/uploads\/2025\/07\/rondedesfetes2025-jds300x600px.jpg\" alt=\"Publicit\u00e9\" border=\"0\" width=\"300\"\/><\/a><\/p>\n<p class=\"mt-0 mb-3 h2\">Newsletter JDS Marseille<\/p>\n<p class=\"font-size-18 fw-normal lh-sm\">Pr\u00eat pour un week-end de folie\u00a0? Chaque jeudi tous les bons plans sorties<\/p>\n","protected":false},"excerpt":{"rendered":"Marseille Les concerts Candlelight : dates de la tourn\u00e9e \u00c0 Marseille, le Black Friday arrive en avance avec&hellip;\n","protected":false},"author":2,"featured_media":549095,"comment_status":"","ping_status":"","sticky":false,"template":"","format":"standard","meta":{"footnotes":""},"categories":[2814],"tags":[1111,11,1777,674,1011,27,884,12,882,25],"class_list":{"0":"post-556371","1":"post","2":"type-post","3":"status-publish","4":"format-standard","5":"has-post-thumbnail","7":"category-marseille","8":"tag-actu","9":"tag-actualites","10":"tag-eu","11":"tag-europe","12":"tag-fr","13":"tag-france","14":"tag-marseille","15":"tag-news","16":"tag-provence-alpes-cote-dazur","17":"tag-republique-francaise"},"share_on_mastodon":{"url":"https:\/\/pubeurope.com\/@fr\/115607184210602502","error":""},"_links":{"self":[{"href":"https:\/\/www.europesays.com\/fr\/wp-json\/wp\/v2\/posts\/556371","targetHints":{"allow":["GET"]}}],"collection":[{"href":"https:\/\/www.europesays.com\/fr\/wp-json\/wp\/v2\/posts"}],"about":[{"href":"https:\/\/www.europesays.com\/fr\/wp-json\/wp\/v2\/types\/post"}],"author":[{"embeddable":true,"href":"https:\/\/www.europesays.com\/fr\/wp-json\/wp\/v2\/users\/2"}],"replies":[{"embeddable":true,"href":"https:\/\/www.europesays.com\/fr\/wp-json\/wp\/v2\/comments?post=556371"}],"version-history":[{"count":0,"href":"https:\/\/www.europesays.com\/fr\/wp-json\/wp\/v2\/posts\/556371\/revisions"}],"wp:featuredmedia":[{"embeddable":true,"href":"https:\/\/www.europesays.com\/fr\/wp-json\/wp\/v2\/media\/549095"}],"wp:attachment":[{"href":"https:\/\/www.europesays.com\/fr\/wp-json\/wp\/v2\/media?parent=556371"}],"wp:term":[{"taxonomy":"category","embeddable":true,"href":"https:\/\/www.europesays.com\/fr\/wp-json\/wp\/v2\/categories?post=556371"},{"taxonomy":"post_tag","embeddable":true,"href":"https:\/\/www.europesays.com\/fr\/wp-json\/wp\/v2\/tags?post=556371"}],"curies":[{"name":"wp","href":"https:\/\/api.w.org\/{rel}","templated":true}]}}