{"id":556372,"date":"2025-11-24T23:06:17","date_gmt":"2025-11-24T23:06:17","guid":{"rendered":"https:\/\/www.europesays.com\/fr\/556372\/"},"modified":"2025-11-24T23:06:17","modified_gmt":"2025-11-24T23:06:17","slug":"un-dispositif-de-securite-xxl-deploye-a-marseille","status":"publish","type":"post","link":"https:\/\/www.europesays.com\/fr\/556372\/","title":{"rendered":"un dispositif de s\u00e9curit\u00e9 XXL d\u00e9ploy\u00e9 \u00e0 Marseille"},"content":{"rendered":"<p>\u00c0 l\u2019approche du choc opposant l\u2019Olympique de Marseille \u00e0 Newcastle, <a href=\"https:\/\/www.footmercato.net\/live\/340835950482152063-marseille-vs-newcastle\" target=\"_blank\" rel=\"noopener\">au V\u00e9lodrome, mardi soir (21 heures)<\/a>, la pr\u00e9fecture de police a annonc\u00e9 ce lundi la mise en place d\u2019un important dispositif de s\u00e9curit\u00e9. Des mesures strictes ont \u00e9t\u00e9 d\u00e9finies, dont un arr\u00eat\u00e9 interdisant \u00e0 toute personne se r\u00e9clamant supporter des Magpies \u2014 ou adoptant un comportement assimil\u00e9 \u2014 de circuler ou de stationner librement en ville, en dehors des points de rendez-vous encadr\u00e9s par les forces de l\u2019ordre, informe <a href=\"https:\/\/rmcsport.bfmtv.com\/football\/ligue-des-champions\/direct-om-newcastle-j-1-suivez-toutes-les-infos-avant-le-match-de-ligue-des-champions-des-marseillais-en-live_LN-202511240455.html#article_446816\" target=\"_blank\" rel=\"noopener\">RMC Sport<\/a>. <\/p>\n<p>            La suite apr\u00e8s cette publicit\u00e9<\/p>\n<p>Pr\u00e8s de 500 supporters anglais, sur les 3300 attendus, sont d\u00e9j\u00e0 arriv\u00e9s \u00e0 <a href=\"https:\/\/www.footmercato.net\/club\/om\/\" target=\"_blank\" rel=\"noopener\">Marseille<\/a> depuis lundi. Leur pr\u00e9sence a entra\u00een\u00e9 un d\u00e9ploiement visible des forces de l\u2019ordre, notamment sur le Vieux-Port ainsi qu\u2019aux abords de nombreux bars et pubs fr\u00e9quent\u00e9s par les visiteurs. Le reste des fans des Toons est attendu ce mardi. Pour pr\u00e9venir tout d\u00e9bordement, 1000 policiers et CRS seront mobilis\u00e9s sur ces deux jours, tandis que des drones survoleront m\u00eame le centre-ville et les abords du Stade V\u00e9lodrome afin de d\u00e9tecter d\u2019\u00e9ventuels fauteurs de troubles. Un dispositif XXL. <\/p>\n<p>\n    Pub. le 24\/11\/2025 21:56<br \/>\n            &#8211; MAJ le 25\/11\/2025 00:00\n    <\/p>\n","protected":false},"excerpt":{"rendered":"\u00c0 l\u2019approche du choc opposant l\u2019Olympique de Marseille \u00e0 Newcastle, au V\u00e9lodrome, mardi soir (21 heures), la pr\u00e9fecture&hellip;\n","protected":false},"author":2,"featured_media":556373,"comment_status":"","ping_status":"","sticky":false,"template":"","format":"standard","meta":{"footnotes":""},"categories":[2814],"tags":[1111,11,1777,674,1011,27,884,12,882,25],"class_list":{"0":"post-556372","1":"post","2":"type-post","3":"status-publish","4":"format-standard","5":"has-post-thumbnail","7":"category-marseille","8":"tag-actu","9":"tag-actualites","10":"tag-eu","11":"tag-europe","12":"tag-fr","13":"tag-france","14":"tag-marseille","15":"tag-news","16":"tag-provence-alpes-cote-dazur","17":"tag-republique-francaise"},"share_on_mastodon":{"url":"","error":""},"_links":{"self":[{"href":"https:\/\/www.europesays.com\/fr\/wp-json\/wp\/v2\/posts\/556372","targetHints":{"allow":["GET"]}}],"collection":[{"href":"https:\/\/www.europesays.com\/fr\/wp-json\/wp\/v2\/posts"}],"about":[{"href":"https:\/\/www.europesays.com\/fr\/wp-json\/wp\/v2\/types\/post"}],"author":[{"embeddable":true,"href":"https:\/\/www.europesays.com\/fr\/wp-json\/wp\/v2\/users\/2"}],"replies":[{"embeddable":true,"href":"https:\/\/www.europesays.com\/fr\/wp-json\/wp\/v2\/comments?post=556372"}],"version-history":[{"count":0,"href":"https:\/\/www.europesays.com\/fr\/wp-json\/wp\/v2\/posts\/556372\/revisions"}],"wp:featuredmedia":[{"embeddable":true,"href":"https:\/\/www.europesays.com\/fr\/wp-json\/wp\/v2\/media\/556373"}],"wp:attachment":[{"href":"https:\/\/www.europesays.com\/fr\/wp-json\/wp\/v2\/media?parent=556372"}],"wp:term":[{"taxonomy":"category","embeddable":true,"href":"https:\/\/www.europesays.com\/fr\/wp-json\/wp\/v2\/categories?post=556372"},{"taxonomy":"post_tag","embeddable":true,"href":"https:\/\/www.europesays.com\/fr\/wp-json\/wp\/v2\/tags?post=556372"}],"curies":[{"name":"wp","href":"https:\/\/api.w.org\/{rel}","templated":true}]}}