{"id":556374,"date":"2025-11-24T23:07:12","date_gmt":"2025-11-24T23:07:12","guid":{"rendered":"https:\/\/www.europesays.com\/fr\/556374\/"},"modified":"2025-11-24T23:07:12","modified_gmt":"2025-11-24T23:07:12","slug":"il-sest-arrete-de-respirer-dans-mes-bras","status":"publish","type":"post","link":"https:\/\/www.europesays.com\/fr\/556374\/","title":{"rendered":"Il s&rsquo;est arr\u00eat\u00e9 de respirer dans mes bras"},"content":{"rendered":"<p>                    Par<br \/>\n        <strong><br \/>\n            <a href=\"https:\/\/actu.fr\/auteur\/anthony-soudani\" title=\"Consulter tous les articles de Anthony Soudani\" target=\"_blank\" rel=\"noopener\">Anthony Soudani<\/a><br \/>\n                    <\/strong><\/p>\n<p>        Publi\u00e9 le<\/p>\n<p>            24 nov. 2025 \u00e0 19h03        <\/p>\n<p>\u00ab\u00a0Je lui ai fait un massage cardiaque mais c\u2019\u00e9tait trop tard. Il s\u2019est arr\u00eat\u00e9 de respirer dans mes bras.\u00a0\u00bb Ses deux phrases sont prononc\u00e9es sans d\u00e9tours, ni b\u00e9gaiement par Laura Achard. L\u2019architecte lyonnaise de 36 ans nous regarde droit dans les yeux lorsqu\u2019elle raconte <strong>le d\u00e9c\u00e8s de son fils Charlie en 2020<\/strong>, apr\u00e8s seulement 2 mois et demi de vie. <br \/>\u00ab\u00a0Je suis crue dans mon livre\u00a0\u00bb, l\u00e2che-t-elle en faisant r\u00e9f\u00e9rence \u00e0 La Vie, son ouvrage r\u00e9cemment publi\u00e9 aux \u00e9ditions V\u00e9rone. Celle qui a aujourd\u2019hui retrouv\u00e9 go\u00fbt \u00e0 la vie confie \u00e0 actu Lyon un t\u00e9moignage sinc\u00e8re, puissant et \u00e9mouvant.\u00a0<\/p>\n<p>Charlie, 2 mois et demi, d\u00e9c\u00e8de le 23 mars 2020<\/p>\n<p class=\" wall-content\">Laura Achard ouvre la porte de son domicile. \u00ab\u00a0D\u00e9sol\u00e9, nous n\u2019avons qu\u2019une heure, il faut que j\u2019aille chercher le petit apr\u00e8s\u00a0\u00bb, glisse-t-elle. Le petit en question, c\u2019est L\u00e9o. Son deuxi\u00e8me enfant qui est aujourd\u2019hui \u00e2g\u00e9 de 4 ans. \u00ab\u00a0Il m\u2019apporte beaucoup de joie, de bonheur et de l\u00e9g\u00e8ret\u00e9\u00a0\u00bb, ajoute la maman lyonnaise.\u00a0<\/p>\n<p class=\" wall-content\">Mais le sourire sur son visage s\u2019estompe rapidement lorsque l\u2019on parle de ce qui est arriv\u00e9 \u00e0 Charlie, son premier fils. Avec une voix pos\u00e9e, elle raconte : \u00ab\u00a0On a d\u00e9tect\u00e9 au bout du cinqui\u00e8me mois de grossesse qu\u2019il avait <strong>une malformation cardiaque<\/strong>. La grossesse est all\u00e9e \u00e0 terme, j\u2019ai accouch\u00e9 par voie basse. Malheureusement, il est d\u00e9c\u00e9d\u00e9 deux mois et demi apr\u00e8s, \u00e0 la maison, le 23 mars 2020.\u00a0\u00bb<\/p>\n<p class=\" wall-content\">Laura Achard explique le contexte de la mort de son enfant op\u00e9r\u00e9 un mois apr\u00e8s sa naissance et qui devait subir une autre op\u00e9ration un an plus tard. Toujours avec clart\u00e9, elle raconte ce jour terrible : \u00ab\u00a0On avait rendez-vous chez le p\u00e9diatre ce jour-l\u00e0. Il avait un regard particulier, un peu dans le vide. On l\u2019a stipul\u00e9 au p\u00e9diatre. <strong>Mais il nous a dit que tout allait bien<\/strong>.\u00a0\u00bb<\/p>\n<p>Le jour o\u00f9 tout a bascul\u00e9 : \u00ab\u00a0J\u2019ai entendu un bruit \u00e9trange\u00a0\u00bb<\/p>\n<p class=\" wall-content\">Le 23 mars 2020 \u00e9tait aussi le jour des annonces du premier confinement \u00e0 cause de l\u2019\u00e9pid\u00e9mie de Covid-19. \u00ab\u00a0Tout le monde \u00e9tait au garde \u00e0 vous sur ce que l\u2019Etat allait dire. Dans la journ\u00e9e, <strong>son \u00e9tat s\u2019est d\u00e9grad\u00e9<\/strong>, on a appel\u00e9 plusieurs fois l\u2019h\u00f4pital mais on nous a demand\u00e9 de rester chez nous avec le plan d\u2019urgence qui \u00e9tait mis en place.\u00a0\u00bb<\/p>\n<p class=\" wall-content\">Laura est all\u00e9e prendre une douche. Puis tout a bascul\u00e9.<\/p>\n<blockquote class=\"ac-article-quote wall-content\">\n<p>J&rsquo;ai entendu un bruit \u00e9trange. Je suis all\u00e9 le voir et il s&rsquo;est arr\u00eat\u00e9 de respirer dans mes bras. J&rsquo;ai appel\u00e9 imm\u00e9diatement les pompiers et le 15 qui m&rsquo;ont dit de faire un massage cardiaque. Les pompiers sont arriv\u00e9s avec mon conjoint pour prendre le relai, mais malheureusement, il n&rsquo;a pas \u00e9t\u00e9 r\u00e9anim\u00e9.<\/p>\n<p>    <strong>Laura<\/strong>\n            <\/p><\/blockquote>\n<p>Votre r\u00e9gion, votre actu !<\/p>\n<p>Recevez chaque jour les infos qui comptent pour vous.<\/p>\n<p>\t<a href=\"https:\/\/actu.fr\/newsletter\" class=\"ac-btn ac-btn--corner ac-btn--medium ac-btn--blue800\" target=\"_blank\" rel=\"noopener\">S&rsquo;incrire<\/a><br \/>\nUn mauvais diagnostic ? \u00ab\u00a0Le m\u00e9decin a dit que c\u2019\u00e9tait de ma faute\u00a0\u00bb<\/p>\n<p class=\" wall-content\">Un traumatisme horrible pour la jeune maman. D\u2019autant plus qu\u2019elle affirme que le diagnostic du d\u00e9c\u00e8s de Charlie est faux. \u00ab\u00a0On n\u2019a <strong>jamais su ce qu\u2019il s\u2019est pass\u00e9<\/strong>. Il avait une grosse malformation cardiaque avec son c\u0153ur \u00e0 l\u2019envers mais le m\u00e9decin du Samu a d\u00e9cr\u00e9t\u00e9 que c\u2019\u00e9tait une mort subite du nourrisson parce que j\u2019ai dit que je l\u2019ai mis sur un oreiller. Le m\u00e9decin a dit que c\u2019\u00e9tait de ma faute. \u00c7a a \u00e9t\u00e9 traumatique.\u00a0\u00bb<\/p>\n<p>    <img   decoding=\"async\" loading=\"lazy\" src=\"https:\/\/www.europesays.com\/fr\/wp-content\/uploads\/2025\/11\/laura-achard-temoignage-lyon-e-960x640.jpg\" alt=\"Laura Achard raconte le traumatisme du d\u00e9c\u00e8s de son fils dans son livre \" width=\"960\" height=\"640\"\/><br \/>\n    Laura Achard raconte le traumatisme du d\u00e9c\u00e8s de son fils dans son livre \u00ab\u00a0La Vie\u00a0\u00bb. (\u00a9Anthony Soudani \/ actu Lyon)<\/p>\n<p class=\" wall-content\">Laura et son compagnon ont \u00e9t\u00e9 entendus par la police pour voir si leurs versions \u00e9taient similaires. <strong>Une autopsie a \u00e9t\u00e9 r\u00e9alis\u00e9e<\/strong>. \u00ab\u00a0\u00c0 l\u2019<a href=\"https:\/\/actu.fr\/tag\/hospices-civils-de-lyon-hcl\" target=\"_blank\" rel=\"noopener\">h\u00f4pital<\/a>, on nous a donn\u00e9 des papiers sur la mort subite du nourrisson sans prendre en compte la maladie cardiaque. Ce n\u2019est pas ce qu\u2019il s\u2019est pass\u00e9. On a remarqu\u00e9 toute la journ\u00e9e que \u00e7a se d\u00e9gradait.\u00a0\u00bb<\/p>\n<p>Son combat entre col\u00e8re et injustice<\/p>\n<p class=\" wall-content\">Entre col\u00e8re et sentiment d\u2019injustice, la Lyonnaise a commenc\u00e9 \u00e0 \u00e9crire pour exprimer ses \u00e9motions. Bien \u00e9paul\u00e9e par ses amis, une maman psychiatre et son conjoint avec lequel elle est rest\u00e9e m\u00eame face aux difficult\u00e9s, elle explique comment elle s\u2019est battue : \u00ab\u00a0L\u2019\u00e9criture m\u2019a fait beaucoup de bien. J\u2019ai eu l\u2019impression de faire quelque chose de cette histoire.\u00a0\u00bb<\/p>\n<p class=\" wall-content\">Si elle n\u2019a pas r\u00e9ussi \u00e0 aller dans des groupes de paroles, Laura a contact\u00e9 des gens qui ont v\u00e9cu \u00e7a sur Instagram. \u00ab\u00a0Je me suis li\u00e9 d\u2019amiti\u00e9 avec une personne qui a perdu son fils \u00e0 la naissance. Il s\u2019appelait aussi Charlie, il est d\u00e9c\u00e9d\u00e9 la veille de mon fils. \u00c7a m\u2019a apport\u00e9 un soutien que je ne pouvais pas trouver ailleurs.\u00a0\u00bb<\/p>\n<p>\u00ab\u00a0Le rire permet d\u2019\u00e9vacuer\u00a0\u00bb<\/p>\n<p class=\" wall-content\">Le temps, les discussions avec son compagnon, la naissance de son second fils ont aid\u00e9 Laura \u00e0 sortir de la d\u00e9prime. \u00ab\u00a0On en a parl\u00e9, <strong>on n\u2019en a pas fait un d\u00e9ni.<\/strong> Aujourd\u2019hui, je suis heureuse depuis un moment.\u00a0\u00bb<\/p>\n<p class=\" wall-content\">Dans son livre coup de poing, Laura a un ton assez cru. \u00ab\u00a0J\u2019essaie que chaque phrase soit percutante, c\u2019est comme \u00e7a que je le vivais. J\u2019essaie d\u2019\u00eatre un peu dr\u00f4le malgr\u00e9 le sujet. Le rire permet d\u2019\u00e9vacuer.\u00a0\u00bb Rigoler sans culpabiliser, une mani\u00e8re pour Laura de montrer qu\u2019elle a r\u00e9ussi \u00e0 revenir de tr\u00e8s loin.<\/p>\n<p class=\" wall-content\">Personnalisez votre actualit\u00e9 en ajoutant vos villes et m\u00e9dias en favori avec <a href=\"https:\/\/moncompte.actu.fr\" title=\"D\u00e9couvez Mon Actu\" rel=\"nofollow noopener\" data-trk=\"{&quot;cta&quot;:{&quot;action&quot;:&quot;https:\\\/\\\/moncompte.actu.fr&quot;,&quot;category&quot;:&quot;mon compte&quot;,&quot;from&quot;:&quot;article footer&quot;,&quot;name&quot;:&quot;Mon actu&quot;,&quot;type&quot;:&quot;cta&quot;}}\" target=\"_blank\">Mon Actu<\/a>.<\/p>\n","protected":false},"excerpt":{"rendered":"Par Anthony Soudani Publi\u00e9 le 24 nov. 2025 \u00e0 19h03 \u00ab\u00a0Je lui ai fait un massage cardiaque mais&hellip;\n","protected":false},"author":2,"featured_media":556375,"comment_status":"","ping_status":"","sticky":false,"template":"","format":"standard","meta":{"footnotes":""},"categories":[1889],"tags":[1111,11,2430,1777,674,1011,27,100,2428,15761,12,25,104,240],"class_list":{"0":"post-556374","1":"post","2":"type-post","3":"status-publish","4":"format-standard","5":"has-post-thumbnail","7":"category-lyon","8":"tag-actu","9":"tag-actualites","10":"tag-auvergne-rhone-alpes","11":"tag-eu","12":"tag-europe","13":"tag-fr","14":"tag-france","15":"tag-hopital","16":"tag-lyon","17":"tag-maternite","18":"tag-news","19":"tag-republique-francaise","20":"tag-societe","21":"tag-temoignage"},"share_on_mastodon":{"url":"","error":""},"_links":{"self":[{"href":"https:\/\/www.europesays.com\/fr\/wp-json\/wp\/v2\/posts\/556374","targetHints":{"allow":["GET"]}}],"collection":[{"href":"https:\/\/www.europesays.com\/fr\/wp-json\/wp\/v2\/posts"}],"about":[{"href":"https:\/\/www.europesays.com\/fr\/wp-json\/wp\/v2\/types\/post"}],"author":[{"embeddable":true,"href":"https:\/\/www.europesays.com\/fr\/wp-json\/wp\/v2\/users\/2"}],"replies":[{"embeddable":true,"href":"https:\/\/www.europesays.com\/fr\/wp-json\/wp\/v2\/comments?post=556374"}],"version-history":[{"count":0,"href":"https:\/\/www.europesays.com\/fr\/wp-json\/wp\/v2\/posts\/556374\/revisions"}],"wp:featuredmedia":[{"embeddable":true,"href":"https:\/\/www.europesays.com\/fr\/wp-json\/wp\/v2\/media\/556375"}],"wp:attachment":[{"href":"https:\/\/www.europesays.com\/fr\/wp-json\/wp\/v2\/media?parent=556374"}],"wp:term":[{"taxonomy":"category","embeddable":true,"href":"https:\/\/www.europesays.com\/fr\/wp-json\/wp\/v2\/categories?post=556374"},{"taxonomy":"post_tag","embeddable":true,"href":"https:\/\/www.europesays.com\/fr\/wp-json\/wp\/v2\/tags?post=556374"}],"curies":[{"name":"wp","href":"https:\/\/api.w.org\/{rel}","templated":true}]}}