{"id":556388,"date":"2025-11-24T23:16:14","date_gmt":"2025-11-24T23:16:14","guid":{"rendered":"https:\/\/www.europesays.com\/fr\/556388\/"},"modified":"2025-11-24T23:16:14","modified_gmt":"2025-11-24T23:16:14","slug":"la-maison-blanche-estime-completement-fallacieux-de-dire-que-donald-trump-favorise-la-russie-dans-les-pourparlers","status":"publish","type":"post","link":"https:\/\/www.europesays.com\/fr\/556388\/","title":{"rendered":"la Maison Blanche estime \u00ab\u00a0compl\u00e8tement fallacieux\u00a0\u00bb de dire que Donald Trump favorise la Russie dans les pourparlers"},"content":{"rendered":"<p>La Maison Blanche assure que Donald Trump est engag\u00e9 \u00ab\u00a0\u00e0 \u00e9galit\u00e9\u00a0\u00bb avec l&rsquo;Ukraine et la Russie pour mettre fin \u00e0 la guerre.<\/p>\n<p>La porte-parole de la Maison Blanche a qualifi\u00e9 lundi 24 novembre de \u00ab\u00a0compl\u00e8tement fallacieuse\u00a0\u00bb l&rsquo;id\u00e9e selon laquelle le pr\u00e9sident am\u00e9ricain Donald Trump et son gouvernement favoriseraient la Russie dans les <a href=\"https:\/\/www.bfmtv.com\/international\/europe\/ukraine\/guerre-en-ukraine-volodymyr-zelensky-salue-des-avancees-mais-estime-qu-il-faut-encore-faire-plus-pour-une-paix-reelle_AD-202511240431.html\" title=\"Guerre en Ukraine: Volodymyr Zelensky salue des avanc\u00e9es mais estime qu&#039;il &quot;faut encore faire plus&quot; pour une &quot;paix r\u00e9elle&quot;\" class=\"internal_link\" target=\"_blank\" rel=\"noopener\">pourparlers pour mettre fin au conflit en Ukraine.<\/a><\/p>\n<blockquote class=\"embed embed_quote\"><p>\u00ab\u00a0L&rsquo;id\u00e9e selon laquelle les \u00c9tats-Unis d&rsquo;Am\u00e9rique ne seraient pas engag\u00e9s \u00e0 \u00e9galit\u00e9 avec les deux bellig\u00e9rants pour mettre fin \u00e0 la guerre est totalement et compl\u00e8tement fallacieuse\u00a0\u00bb, a dit Karoline Leavitt lors d&rsquo;un \u00e9change avec la presse.<\/p><\/blockquote>\n<p>Un \u00ab\u00a0nouvel \u00e9lan\u00a0\u00bb pour n\u00e9gocier la paix<\/p>\n<p>L&rsquo;administration am\u00e9ricaine a propos\u00e9 <a href=\"https:\/\/www.bfmtv.com\/international\/europe\/ukraine\/guerre-en-ukraine-un-sommet-organise-en-suisse-pour-discuter-du-plan-de-paix-propose-par-donald-trump_AV-202511230091.html\" title=\"Guerre en Ukraine: un sommet organis\u00e9 en Suisse pour discuter du plan de paix propos\u00e9 par Donald Trump\" class=\"internal_link\" target=\"_blank\" rel=\"noopener\">un plan en 28 points<\/a> pour mettre fin au conflit provoqu\u00e9 par l&rsquo;invasion russe il y a pr\u00e8s de quatre ans. Salu\u00e9 par le pr\u00e9sident russe Vladimir Poutine, le texte reprend plusieurs exigences cl\u00e9s de Moscou: que l&rsquo;Ukraine lui c\u00e8de des territoires, accepte de r\u00e9duire la taille de son arm\u00e9e et renonce \u00e0 int\u00e9grer l&rsquo;Otan.<\/p>\n<p>Il offre cependant des garanties de s\u00e9curit\u00e9 occidentales \u00e0 Kiev pour pr\u00e9venir toute nouvelle attaque russe.<\/p>\n<p>Des discussions ont \u00e9t\u00e9 convoqu\u00e9es en urgence dimanche \u00e0 Gen\u00e8ve entre Ukrainiens, Am\u00e9ricains et Europ\u00e9ens sur le base de ce projet. Elles ont permis \u00ab\u00a0un nouvel \u00e9lan\u00a0\u00bb dans les n\u00e9gociations, selon Kiev et l&rsquo;UE. Mais Volodymyr Zelensky a estim\u00e9 qu&rsquo;il fallait \u00ab\u00a0beaucoup plus\u00a0\u00bb pour parvenir \u00e0 une \u00ab\u00a0paix r\u00e9elle\u00a0\u00bb avec la Russie. Le chancelier allemand a de son c\u00f4t\u00e9 appel\u00e9 la Russie \u00e0 rejoindre la table des n\u00e9gociations.<\/p>\n<p>Partager <\/p>\n","protected":false},"excerpt":{"rendered":"La Maison Blanche assure que Donald Trump est engag\u00e9 \u00ab\u00a0\u00e0 \u00e9galit\u00e9\u00a0\u00bb avec l&rsquo;Ukraine et la Russie pour mettre&hellip;\n","protected":false},"author":2,"featured_media":556389,"comment_status":"","ping_status":"","sticky":false,"template":"","format":"standard","meta":{"footnotes":""},"categories":[1591],"tags":[11,1887,12,1885,1886,132],"class_list":{"0":"post-556388","1":"post","2":"type-post","3":"status-publish","4":"format-standard","5":"has-post-thumbnail","7":"category-russie","8":"tag-actualites","9":"tag-federation-de-russie","10":"tag-news","11":"tag-russia","12":"tag-russian-federation","13":"tag-russie"},"share_on_mastodon":{"url":"https:\/\/pubeurope.com\/@fr\/115607226676137032","error":""},"_links":{"self":[{"href":"https:\/\/www.europesays.com\/fr\/wp-json\/wp\/v2\/posts\/556388","targetHints":{"allow":["GET"]}}],"collection":[{"href":"https:\/\/www.europesays.com\/fr\/wp-json\/wp\/v2\/posts"}],"about":[{"href":"https:\/\/www.europesays.com\/fr\/wp-json\/wp\/v2\/types\/post"}],"author":[{"embeddable":true,"href":"https:\/\/www.europesays.com\/fr\/wp-json\/wp\/v2\/users\/2"}],"replies":[{"embeddable":true,"href":"https:\/\/www.europesays.com\/fr\/wp-json\/wp\/v2\/comments?post=556388"}],"version-history":[{"count":0,"href":"https:\/\/www.europesays.com\/fr\/wp-json\/wp\/v2\/posts\/556388\/revisions"}],"wp:featuredmedia":[{"embeddable":true,"href":"https:\/\/www.europesays.com\/fr\/wp-json\/wp\/v2\/media\/556389"}],"wp:attachment":[{"href":"https:\/\/www.europesays.com\/fr\/wp-json\/wp\/v2\/media?parent=556388"}],"wp:term":[{"taxonomy":"category","embeddable":true,"href":"https:\/\/www.europesays.com\/fr\/wp-json\/wp\/v2\/categories?post=556388"},{"taxonomy":"post_tag","embeddable":true,"href":"https:\/\/www.europesays.com\/fr\/wp-json\/wp\/v2\/tags?post=556388"}],"curies":[{"name":"wp","href":"https:\/\/api.w.org\/{rel}","templated":true}]}}