{"id":556392,"date":"2025-11-24T23:18:10","date_gmt":"2025-11-24T23:18:10","guid":{"rendered":"https:\/\/www.europesays.com\/fr\/556392\/"},"modified":"2025-11-24T23:18:10","modified_gmt":"2025-11-24T23:18:10","slug":"les-etats-unis-demandent-a-leurs-ambassades-dexaminer-les-migrations-massives-percues-comme-une-menace-existentielle-pour-la-civilisation-occidentale-par-le-gouvernement-trump","status":"publish","type":"post","link":"https:\/\/www.europesays.com\/fr\/556392\/","title":{"rendered":"Les \u00c9tats-Unis demandent \u00e0 leurs ambassades d\u2019examiner les migrations massives, per\u00e7ues comme une \u00abmenace existentielle pour la civilisation occidentale\u00bb par le gouvernement Trump"},"content":{"rendered":"<p>Le d\u00e9partement d\u2019\u00c9tat am\u00e9ricain a demand\u00e9 \u00e0 ses ambassades au Canada et dans d\u2019autres pays occidentaux d\u2019examiner attentivement les cons\u00e9quences des \u00ab\u00a0migrations de masse\u00a0\u00bb, derni\u00e8re initiative du gouvernement Trump visant \u00e0 remodeler la g\u00e9opolitique des alli\u00e9s historiques des \u00c9tats-Unis.<\/p>\n<p>La semaine derni\u00e8re, une note adress\u00e9e aux ambassades enjoignait aux diplomates \u00e0 Ottawa, en Nouvelle-Z\u00e9lande, en Australie et dans les pays d\u2019Europe occidentale de rendre compte des implications en mati\u00e8re de droits de la personne et des cons\u00e9quences sur la s\u00e9curit\u00e9 publique des migrations de masse \u00e0 grande \u00e9chelle, qualifi\u00e9es de \u00ab\u00a0menace existentielle pour la civilisation occidentale\u00a0\u00bb.<\/p>\n<p>Dans une publication sur les r\u00e9seaux sociaux partag\u00e9e vendredi par le secr\u00e9taire d\u2019\u00c9tat am\u00e9ricain Marco Rubio, le d\u00e9partement a indiqu\u00e9 que ses repr\u00e9sentants \u00ab\u00a0exhorteraient les gouvernements \u00e0 prendre des mesures \u00e9nergiques et \u00e0 prot\u00e9ger leurs citoyens contre les menaces pos\u00e9es par les migrations de masse\u00a0\u00bb.<\/p>\n<p>Les repr\u00e9sentants devront \u00e9galement signaler \u00ab\u00a0les politiques qui punissent les citoyens s\u2019opposant \u00e0 la poursuite des migrations de masse et documenter les crimes et les violations des droits de la personne commis par des personnes issues de l\u2019immigration\u00a0\u00bb, a pr\u00e9cis\u00e9 le d\u00e9partement.<\/p>\n<p>Lundi, un haut responsable du d\u00e9partement d\u2019\u00c9tat, s\u2019exprimant sous couvert de l\u2019anonymat, a d\u00e9clar\u00e9 que les \u00c9tats-Unis ne cherchaient pas \u00e0 dicter aux autres pays leur conduite, mais plut\u00f4t \u00e0 les mettre en garde contre l\u2019importation massive de personnes issues de cultures qu\u2019ils qualifient de \u00ab\u00a0radicalement diff\u00e9rentes\u00a0\u00bb.<\/p>\n<p>\u00ab\u00a0La faute incombe \u00e0 vos dirigeants\u00a0\u00bb<\/p>\n<p>Le pr\u00e9sident am\u00e9ricain, <a href=\"https:\/\/www.ledevoir.com\/donald-trump\" target=\"_blank\" rel=\"noopener\">Donald Trump<\/a>, critique depuis longtemps les politiques d\u2019immigration europ\u00e9ennes, et le vice-pr\u00e9sident <a href=\"https:\/\/www.ledevoir.com\/jdvance\" target=\"_blank\" rel=\"noopener\">J.D. Vance<\/a> a fait sensation avec un discours fustigeant les d\u00e9mocraties europ\u00e9ennes sur les questions migratoires et la libert\u00e9 d\u2019expression lors de la Conf\u00e9rence de Munich sur la s\u00e9curit\u00e9, plus t\u00f4t cette ann\u00e9e.<\/p>\n<p>M.\u00a0Vance s\u2019en est \u00e9galement pris au Canada dans une publication sur les r\u00e9seaux sociaux vendredi. Il a li\u00e9 ce qu\u2019il a appel\u00e9 la \u00ab\u00a0stagnation du niveau de vie\u00a0\u00bb des Canadiens \u00e0 une \u00ab\u00a0folie de l\u2019immigration\u00a0\u00bb.<\/p>\n<p>\u00ab\u00a0Et avec tout le respect que je dois \u00e0 mes amis canadiens, dont la politique est obs\u00e9d\u00e9e par les \u00c9tats-Unis\u00a0: votre stagnation du niveau de vie n\u2019a rien \u00e0 voir avec Donald Trump ni avec le bouc \u00e9missaire que Radio-Canada vous d\u00e9signe, a \u00e9crit J.D. Vance. La faute incombe \u00e0 vos dirigeants, que vous avez vous-m\u00eames \u00e9lus.\u00a0\u00bb<\/p>\n<p>Un haut responsable du D\u00e9partement d\u2019\u00c9tat a reconnu lundi que la situation migratoire diff\u00e8re sensiblement entre des pays comme l\u2019Australie, la Nouvelle-Z\u00e9lande et le Canada et leurs alli\u00e9s europ\u00e9ens.<\/p>\n<p>\u00ab\u00a0Nous constatons toutefois une tendance croissante, au sein des d\u00e9mocraties lib\u00e9rales du monde entier, \u00e0 adh\u00e9rer aveugl\u00e9ment au discours mondialis\u00e9 sur la migration, a-t-il d\u00e9clar\u00e9. L\u2019id\u00e9e qu\u2019il suffirait d\u2019importer massivement des personnes d\u2019une culture diff\u00e9rente \u2014 voire radicalement diff\u00e9rente \u2014 et de supposer que tout se passera bien est absurde, alors que des \u00e9tudes de cas ont d\u00e9montr\u00e9 le contraire.\u00a0\u00bb<\/p>\n<p>Ce responsable a indiqu\u00e9 que les d\u00e9placements de population, la pression sur le logement et la perspective d\u2019un syst\u00e8me judiciaire \u00e0 deux vitesses, traitant diff\u00e9remment les migrants, sont particuli\u00e8rement pr\u00e9occupants. Il a principalement \u00e9voqu\u00e9 les probl\u00e8mes europ\u00e9ens, sans mentionner sp\u00e9cifiquement le Canada.<\/p>\n<p>Le message enjoignait aux ambassades de recueillir des informations pour le rapport am\u00e9ricain sur les droits de la personne et \u00e0 faire savoir que les \u00c9tats-Unis \u00e9taient dispos\u00e9s \u00e0 collaborer sur cette question, a-t-il ajout\u00e9.<\/p>\n<p> \u00ab Ma\u00eetriser \u00bb l\u2019immigration<\/p>\n<p>Le Canada s\u2019est toujours enorgueilli de la diversit\u00e9 de sa population. Mais le soutien \u00e0 une immigration importante s\u2019est effondr\u00e9 ces derni\u00e8res ann\u00e9es, notamment en raison d\u2019un march\u00e9 du logement tendu et d\u2019un ch\u00f4mage \u00e9lev\u00e9, particuli\u00e8rement chez les jeunes.<\/p>\n<p>Le premier ministre <a href=\"https:\/\/www.ledevoir.com\/mark-carney\" target=\"_blank\" rel=\"noopener\">Mark Carney<\/a> s\u2019est engag\u00e9 \u00e0 \u00ab\u00a0ma\u00eetriser\u00a0\u00bb l\u2019immigration. Son gouvernement lib\u00e9ral pr\u00e9voit <a href=\"https:\/\/www.ledevoir.com\/actualites\/immigration\/930936\/ottawa-veut-reduire-drastiquement-immigrants-temporaires?utm_source=recirculation&amp;utm_medium=hyperlien&amp;utm_campaign=boite_extra\" target=\"_blank\" rel=\"noopener\">de r\u00e9duire le nombre de travailleurs temporaires<\/a> pour 2026 et a pratiquement divis\u00e9 par deux le nombre de visas d\u2019\u00e9tudes pr\u00e9vus pour les trois prochaines ann\u00e9es.<\/p>\n<p>Le gouvernement f\u00e9d\u00e9ral r\u00e9duit \u00e9galement le nombre de r\u00e9fugi\u00e9s, de personnes prot\u00e9g\u00e9es et de personnes obtenant la r\u00e9sidence permanente pour des raisons humanitaires qu\u2019il admettra en 2026.<\/p>\n<p>La politique migratoire du Canada est importante pour le gouvernement Trump, a d\u00e9clar\u00e9 un responsable anonyme, ajoutant\u00a0: \u00ab\u00a0Nous esp\u00e9rons que nos amis canadiens se montreront tout aussi fermes sur cette question.\u00a0\u00bb<\/p>\n<p>\u00ab\u00a0Au Canada, des gens ont exprim\u00e9 de tr\u00e8s vives inqui\u00e9tudes concernant l\u2019afflux de migrants, tout comme aux \u00c9tats-Unis, et le pr\u00e9sident Trump a d\u00e9cid\u00e9 de r\u00e9pondre \u00e0 cet appel avec beaucoup de courage et d\u2019audace\u00a0\u00bb, a conclu le responsable.<\/p>\n<p>Le syst\u00e8me canadien d\u2019asile a \u00e9t\u00e9 submerg\u00e9 sous le premier gouvernement Trump lorsque des personnes ont commenc\u00e9 \u00e0 migrer vers le nord, traversant la fronti\u00e8re canado-am\u00e9ricaine en exploitant une faille dans l\u2019Entente sur les tiers pays s\u00fbrs. Cette faille permettait \u00e0 ceux qui contournaient les points de passage frontaliers officiels de d\u00e9poser une demande d\u2019asile.<\/p>\n<p>Cette faille a \u00e9t\u00e9 combl\u00e9e sous le gouvernement Biden, ce qui a entra\u00een\u00e9 une baisse consid\u00e9rable du nombre de personnes traversant la fronti\u00e8re canadienne depuis les \u00c9tats-Unis par des points de passage non officiels.<\/p>\n","protected":false},"excerpt":{"rendered":"Le d\u00e9partement d\u2019\u00c9tat am\u00e9ricain a demand\u00e9 \u00e0 ses ambassades au Canada et dans d\u2019autres pays occidentaux d\u2019examiner attentivement&hellip;\n","protected":false},"author":2,"featured_media":556393,"comment_status":"","ping_status":"","sticky":false,"template":"","format":"standard","meta":{"footnotes":""},"categories":[1589],"tags":[11,73,1866,12,1864,1865,1863,308],"class_list":{"0":"post-556392","1":"post","2":"type-post","3":"status-publish","4":"format-standard","5":"has-post-thumbnail","7":"category-etats-unis","8":"tag-actualites","9":"tag-etats-unis","10":"tag-etats-unis-damerique","11":"tag-news","12":"tag-united-states","13":"tag-united-states-of-america","14":"tag-us","15":"tag-usa"},"share_on_mastodon":{"url":"https:\/\/pubeurope.com\/@fr\/115607234522145778","error":""},"_links":{"self":[{"href":"https:\/\/www.europesays.com\/fr\/wp-json\/wp\/v2\/posts\/556392","targetHints":{"allow":["GET"]}}],"collection":[{"href":"https:\/\/www.europesays.com\/fr\/wp-json\/wp\/v2\/posts"}],"about":[{"href":"https:\/\/www.europesays.com\/fr\/wp-json\/wp\/v2\/types\/post"}],"author":[{"embeddable":true,"href":"https:\/\/www.europesays.com\/fr\/wp-json\/wp\/v2\/users\/2"}],"replies":[{"embeddable":true,"href":"https:\/\/www.europesays.com\/fr\/wp-json\/wp\/v2\/comments?post=556392"}],"version-history":[{"count":0,"href":"https:\/\/www.europesays.com\/fr\/wp-json\/wp\/v2\/posts\/556392\/revisions"}],"wp:featuredmedia":[{"embeddable":true,"href":"https:\/\/www.europesays.com\/fr\/wp-json\/wp\/v2\/media\/556393"}],"wp:attachment":[{"href":"https:\/\/www.europesays.com\/fr\/wp-json\/wp\/v2\/media?parent=556392"}],"wp:term":[{"taxonomy":"category","embeddable":true,"href":"https:\/\/www.europesays.com\/fr\/wp-json\/wp\/v2\/categories?post=556392"},{"taxonomy":"post_tag","embeddable":true,"href":"https:\/\/www.europesays.com\/fr\/wp-json\/wp\/v2\/tags?post=556392"}],"curies":[{"name":"wp","href":"https:\/\/api.w.org\/{rel}","templated":true}]}}