{"id":556397,"date":"2025-11-24T23:21:28","date_gmt":"2025-11-24T23:21:28","guid":{"rendered":"https:\/\/www.europesays.com\/fr\/556397\/"},"modified":"2025-11-24T23:21:28","modified_gmt":"2025-11-24T23:21:28","slug":"championnats-deurope-iqfoil-2025-dernier-defi-de-lannee-les-francais-determines-en-sicile-le-niveau-sera-la","status":"publish","type":"post","link":"https:\/\/www.europesays.com\/fr\/556397\/","title":{"rendered":"Championnats d\u2019Europe iQFOiL 2025, dernier d\u00e9fi de l\u2019ann\u00e9e, les fran\u00e7ais d\u00e9termin\u00e9s en Sicile, \u00ab\u00a0Le niveau sera l\u00e0\u00a0\u00bb"},"content":{"rendered":"<p>\u00a0<\/p>\n<p>Dernier \u00e9v\u00e9nement de l\u2019ann\u00e9e, les Championnats d\u2019Europe de planche \u00e0 voile iQFOiL 2025 se d\u00e9roulent du 24 au 29 novembre dans la baie de Sferracavallo \u00e0 Palerme, en Sicile. L\u2019\u00c9quipe de France est pr\u00eate \u00e0 se confronter face \u00e0 une concurrence europ\u00e9enne aff\u00fbt\u00e9e. Le plan d\u2019eau m\u00e9diterran\u00e9en s\u2019annonce exigeant : effets de c\u00f4te, vent perturb\u00e9 par la falaise et houle du large.<br \/>\n <a href=\"https:\/\/blogger.googleusercontent.com\/img\/b\/R29vZ2xl\/AVvXsEhvjt4AJVDp7UJ7Xp39_7m5JtYB0cv67jqy1ZtoRvDL_dKB7gdtqpMo410Vh5AdTK7jnvnS6GbqJtbSuU4eBxvcrm3POcrEH_22iq7JBWEY1_3EZhAYMcov_DIex88YCanzIkaIQc3Zzk2n2bobuLMV6A73ThSiTD-9ABi6RMTtj8_ISzDmoaBa-_9PJefc\/s508\/unnamed%20(2).png\" imageanchor=\"1\" style=\"margin-left: 1em; margin-right: 1em;\" target=\"_blank\" rel=\"noopener\"><img loading=\"lazy\" decoding=\"async\" border=\"0\" data-original-height=\"339\" data-original-width=\"508\" height=\"268\" src=\"https:\/\/www.europesays.com\/fr\/wp-content\/uploads\/2025\/11\/unnamed (2).png\" width=\"400\"\/><\/a><br \/>Du c\u00f4t\u00e9 des hommes, Tom Arnoux aborde le dernier grand rendez-vous de la saison avec s\u00e9r\u00e9nit\u00e9. Port\u00e9 par sa remarquable deuxi\u00e8me place aux Championnats du Monde, le Marseillais arrive d\u00e9termin\u00e9 \u00e0 confirmer son tr\u00e8s beau potentiel. Le collectif tricolore compos\u00e9 de Nicolas Goyard, Yun Pouliquen, Louis Pignolet et Adrien Mestre, challeng\u00e9s par les jeunes Emile Roulet, Gaspard Cafantan ou Come Joly, finalise une ann\u00e9e longue et dense sous la direction de Julien Bontemps.<\/p>\n<p>Tom Arnoux (YCPR) : \u00ab Je suis tr\u00e8s en forme et content d\u2019\u00eatre au chaud ! La saison, \u00e9tal\u00e9e sur toute l\u2019ann\u00e9e, a \u00e9t\u00e9 ponctu\u00e9e de longues pauses entre les Mondiaux et les Europ\u00e9ens. C\u2019est la derni\u00e8re \u00e9preuve de la saison et c\u2019est important pour moi de reconfirmer les performances des Mondiaux. On a bien g\u00e9r\u00e9 la p\u00e9riode post-r\u00e9gates : l\u2019id\u00e9e \u00e9tait de ne pas me laisser pi\u00e9ger par la deuxi\u00e8me place aux Mondiaux et de continuer \u00e0 travailler dans les meilleures conditions. L\u2019essentiel est de garder cette confiance et d\u2019aller chercher la plus haute performance possible. Mais il va falloir rester bien concentr\u00e9, car il y aura toutes les grandes nations : Italie, Angleterre, Espagne, Pays-Bas\u2026 Le niveau sera l\u00e0. \u00bb <\/p>\n<p>Chez les femmes, le jeu s\u2019annonce tout aussi ouvert avec la participation de Lucie Belbeoch, Marion Couturier, H\u00e9l\u00e8ne Noesmoen, Ambar Papazian, Manon Pianazza et Lola Sorin. Depuis le d\u00e9but de la saison, les Fran\u00e7aises \u00e9voluent elles aussi au sein d\u2019un collectif soud\u00e9, d\u00e9sormais encadr\u00e9es par Thomas Goyard, m\u00e9daill\u00e9 olympique \u00e0 Tokyo.\n <\/p>\n<p>Lola Sorin (CN La Baule) : \u00ab Apr\u00e8s le mondial, \u00e7a a vraiment \u00e9t\u00e9 dur. Je n\u2019ai pas du tout atteint les r\u00e9sultats que j\u2019esp\u00e9rais. J\u2019ai pris le temps de retrouver le plaisir d\u2019\u00eatre sur la planche. Pour le Championnat d\u2019Europe, je ne veux pas me mettre de pression : j\u2019ai juste envie de naviguer, de prendre du plaisir. C\u2019est vraiment \u00e7a mon objectif : retrouver mes sensations, reprendre confiance et continuer d\u2019avancer. Je suis d\u2019ailleurs tr\u00e8s contente que Thomas nous ait rejoints, c\u2019est une vraie chance. Il a l\u2019exp\u00e9rience. Les sensations, il sait ce que c\u2019est ! \u00bb<\/p>\n<p>Source : M Mermod<\/p>\n","protected":false},"excerpt":{"rendered":"\u00a0 Dernier \u00e9v\u00e9nement de l\u2019ann\u00e9e, les Championnats d\u2019Europe de planche \u00e0 voile iQFOiL 2025 se d\u00e9roulent du 24&hellip;\n","protected":false},"author":2,"featured_media":556398,"comment_status":"","ping_status":"","sticky":false,"template":"","format":"standard","meta":{"footnotes":""},"categories":[1586],"tags":[11,5160,47127,1777,674,1011,27,23651,47131,23151,12,47128,25,47125,47132,47126,47130,23146,10887,47129,21075],"class_list":{"0":"post-556397","1":"post","2":"type-post","3":"status-publish","4":"format-standard","5":"has-post-thumbnail","7":"category-europe","8":"tag-actualites","9":"tag-bateau","10":"tag-catamaran","11":"tag-eu","12":"tag-europe","13":"tag-fr","14":"tag-france","15":"tag-imoca","16":"tag-la-route-du-rhum","17":"tag-monocoque","18":"tag-news","19":"tag-orma","20":"tag-republique-francaise","21":"tag-sailing","22":"tag-transat-jacques-vabre","23":"tag-trimaran","24":"tag-trophee-jules-verne","25":"tag-vendee-globe","26":"tag-voile","27":"tag-volvo-ocean-race","28":"tag-yacht"},"share_on_mastodon":{"url":"https:\/\/pubeurope.com\/@fr\/115607246286722102","error":""},"_links":{"self":[{"href":"https:\/\/www.europesays.com\/fr\/wp-json\/wp\/v2\/posts\/556397","targetHints":{"allow":["GET"]}}],"collection":[{"href":"https:\/\/www.europesays.com\/fr\/wp-json\/wp\/v2\/posts"}],"about":[{"href":"https:\/\/www.europesays.com\/fr\/wp-json\/wp\/v2\/types\/post"}],"author":[{"embeddable":true,"href":"https:\/\/www.europesays.com\/fr\/wp-json\/wp\/v2\/users\/2"}],"replies":[{"embeddable":true,"href":"https:\/\/www.europesays.com\/fr\/wp-json\/wp\/v2\/comments?post=556397"}],"version-history":[{"count":0,"href":"https:\/\/www.europesays.com\/fr\/wp-json\/wp\/v2\/posts\/556397\/revisions"}],"wp:featuredmedia":[{"embeddable":true,"href":"https:\/\/www.europesays.com\/fr\/wp-json\/wp\/v2\/media\/556398"}],"wp:attachment":[{"href":"https:\/\/www.europesays.com\/fr\/wp-json\/wp\/v2\/media?parent=556397"}],"wp:term":[{"taxonomy":"category","embeddable":true,"href":"https:\/\/www.europesays.com\/fr\/wp-json\/wp\/v2\/categories?post=556397"},{"taxonomy":"post_tag","embeddable":true,"href":"https:\/\/www.europesays.com\/fr\/wp-json\/wp\/v2\/tags?post=556397"}],"curies":[{"name":"wp","href":"https:\/\/api.w.org\/{rel}","templated":true}]}}