{"id":556401,"date":"2025-11-24T23:23:13","date_gmt":"2025-11-24T23:23:13","guid":{"rendered":"https:\/\/www.europesays.com\/fr\/556401\/"},"modified":"2025-11-24T23:23:13","modified_gmt":"2025-11-24T23:23:13","slug":"washington-met-lue-sous-pression-pour-quelle-allege-sa-legislation-numerique","status":"publish","type":"post","link":"https:\/\/www.europesays.com\/fr\/556401\/","title":{"rendered":"Washington met l\u2019UE sous pression pour qu\u2019elle all\u00e8ge sa l\u00e9gislation num\u00e9rique"},"content":{"rendered":"<p>                     <img loading=\"lazy\" decoding=\"async\" src=\"https:\/\/www.europesays.com\/fr\/wp-content\/uploads\/2025\/11\/ca305e6_ftp-import-images-1-uzodcfe7n6q3-c39fe81ba7bc485a869b7a683418a316-0-8f804a28d5c54dd198e5f7e8.jpeg\" alt=\"Le repr\u00e9sentant am\u00e9ricain au commerce, Jamieson Greer (\u00e0 gauche), et le secr\u00e9taire am\u00e9ricain au commerce, Howard Lutnick, lors d\u2019un conseil des ministres du commerce de l\u2019Union europ\u00e9enne, \u00e0 Bruxelles, le 24\u00a0novembre 2025.\"   width=\"664\" height=\"443\"\/>    Le repr\u00e9sentant am\u00e9ricain au commerce, Jamieson Greer (\u00e0 gauche), et le secr\u00e9taire am\u00e9ricain au commerce, Howard Lutnick, lors d\u2019un conseil des ministres du commerce de l\u2019Union europ\u00e9enne, \u00e0 Bruxelles, le 24\u00a0novembre 2025.  OMAR HAVANA\/AP                 <\/p>\n<p class=\"article__paragraph  \">Pr\u00e8s de quatre mois apr\u00e8s la signature d\u2019un accord commercial entre la pr\u00e9sidente de la Commission europ\u00e9enne, Ursula von der Leyen, et le chef de l\u2019Etat am\u00e9ricain, Donald Trump, les Etats-Unis continuent de faire pression sur l\u2019Union europ\u00e9enne (UE) pour qu\u2019elle leur fasse plus de concessions. Lundi 24\u00a0novembre, \u00e0 l\u2019occasion d\u2019un conseil des ministres du commerce des Vingt-Sept\u00a0\u00e0 Bruxelles, le secr\u00e9taire am\u00e9ricain au commerce, Howard Lutnick, et le repr\u00e9sentant am\u00e9ricain au commerce, Jamieson Greer, avaient fait le d\u00e9placement dans la capitale belge pour exprimer leurs griefs.<\/p>\n<p>   Lire plus tard  <\/p>\n<p class=\"article__paragraph  \">La Maison Blanche attend notamment des Europ\u00e9ens qu\u2019ils assouplissent leur r\u00e9glementation sur le num\u00e9rique, au titre de laquelle plusieurs enqu\u00eates sont ouvertes contre Apple, Google, X ou Meta, comme leur droit de la concurrence, qui a r\u00e9cemment valu \u00e0 Google une amende 3\u00a0milliards d\u2019euros. A cette condition seulement, fait-elle valoir, elle pourra reconsid\u00e9rer les droits de douane de 50\u00a0% auxquels sont aujourd\u2019hui soumis l\u2019acier et l\u2019aluminium, ainsi que leurs produits d\u00e9riv\u00e9s, comme les machines et autres robots qui en contiennent.<\/p>\n<p class=\"reading-mode-only \"><strong>Il vous reste 80.14% de cet article \u00e0 lire. La suite est r\u00e9serv\u00e9e aux abonn\u00e9s.<\/strong><\/p>\n","protected":false},"excerpt":{"rendered":"Le repr\u00e9sentant am\u00e9ricain au commerce, Jamieson Greer (\u00e0 gauche), et le secr\u00e9taire am\u00e9ricain au commerce, Howard Lutnick, lors&hellip;\n","protected":false},"author":2,"featured_media":556402,"comment_status":"","ping_status":"","sticky":false,"template":"","format":"standard","meta":{"footnotes":""},"categories":[2],"tags":[11,1011,27,12,25],"class_list":{"0":"post-556401","1":"post","2":"type-post","3":"status-publish","4":"format-standard","5":"has-post-thumbnail","7":"category-actualites","8":"tag-actualites","9":"tag-fr","10":"tag-france","11":"tag-news","12":"tag-republique-francaise"},"share_on_mastodon":{"url":"https:\/\/pubeurope.com\/@fr\/115607254821416924","error":""},"_links":{"self":[{"href":"https:\/\/www.europesays.com\/fr\/wp-json\/wp\/v2\/posts\/556401","targetHints":{"allow":["GET"]}}],"collection":[{"href":"https:\/\/www.europesays.com\/fr\/wp-json\/wp\/v2\/posts"}],"about":[{"href":"https:\/\/www.europesays.com\/fr\/wp-json\/wp\/v2\/types\/post"}],"author":[{"embeddable":true,"href":"https:\/\/www.europesays.com\/fr\/wp-json\/wp\/v2\/users\/2"}],"replies":[{"embeddable":true,"href":"https:\/\/www.europesays.com\/fr\/wp-json\/wp\/v2\/comments?post=556401"}],"version-history":[{"count":0,"href":"https:\/\/www.europesays.com\/fr\/wp-json\/wp\/v2\/posts\/556401\/revisions"}],"wp:featuredmedia":[{"embeddable":true,"href":"https:\/\/www.europesays.com\/fr\/wp-json\/wp\/v2\/media\/556402"}],"wp:attachment":[{"href":"https:\/\/www.europesays.com\/fr\/wp-json\/wp\/v2\/media?parent=556401"}],"wp:term":[{"taxonomy":"category","embeddable":true,"href":"https:\/\/www.europesays.com\/fr\/wp-json\/wp\/v2\/categories?post=556401"},{"taxonomy":"post_tag","embeddable":true,"href":"https:\/\/www.europesays.com\/fr\/wp-json\/wp\/v2\/tags?post=556401"}],"curies":[{"name":"wp","href":"https:\/\/api.w.org\/{rel}","templated":true}]}}