{"id":556407,"date":"2025-11-24T23:28:16","date_gmt":"2025-11-24T23:28:16","guid":{"rendered":"https:\/\/www.europesays.com\/fr\/556407\/"},"modified":"2025-11-24T23:28:16","modified_gmt":"2025-11-24T23:28:16","slug":"rugby-un-international-argentin-en-double-protocole-commotion-pour-des-applaudissements","status":"publish","type":"post","link":"https:\/\/www.europesays.com\/fr\/556407\/","title":{"rendered":"Rugby\u00a0: un international argentin en double protocole commotion\u2026 pour des applaudissements"},"content":{"rendered":"<p>\n                                                                    l&rsquo;essentiel<br \/>\n                                                                Le demi d\u2019ouverture de l\u2019\u00e9quipe d\u2019Argentine de rugby a d\u00fb effectuer deux protocoles commotions \u00e0 la suite du match contre l\u2019Angleterre. Probl\u00e8me, ce dernier n\u2019a re\u00e7u aucun choc.\n                            <\/p>\n<p>Aujourd\u2019hui nous avons appris que le trois-quarts argentin du Stade Toulousain Juan Cruz Mallia avait \u00e9t\u00e9 touch\u00e9 au ligament crois\u00e9 du genou droit hier lors d\u2019une rencontre face \u00e0 l\u2019Angleterre. Mais une autre histoire, plus cocasse, a fait du bruit pendant ce match.<\/p>\n<p class=\"std-elt__inline\">\n        <strong>\u00c0 lire aussi :<\/strong><br \/>\n        <a href=\"https:\/\/www.ladepeche.fr\/2025\/11\/24\/video-stade-toulousain-petite-brute-un-joueur-star-de-toulouse-tres-lourdement-blesse-13070946.php\" target=\"_blank\" rel=\"noopener\">VIDEO. Stade Toulousain\u00a0: \u00ab\u00a0Petite brute\u00a0!\u00a0\u00bb Un joueur star de Toulouse tr\u00e8s lourdement bless\u00e9<\/a>\n    <\/p>\n<p>En effet, le demi d\u2019ouverture, Tom\u00e1s Albornoz, a d\u00fb quitter le terrain deux fois pour effectuer des protocoles commotions, comme le rapporte\u00a0<a href=\"https:\/\/www.lefigaro.fr\/sports\/rugby\/rugby-l-ouvreur-argentin-a-du-passer-deux-protocoles-commotions-pour-avoir-applaudi-20251124\" target=\"_blank\" rel=\"noopener\">Le Figaro<\/a>. Cependant, l\u2019argentin n\u2019avait re\u00e7u aucun coup \u00e0 la t\u00eate.<\/p>\n<p>Son prot\u00e8ge-dents connect\u00e9 aurait bip\u00e9 \u00e0 deux reprises, mais ce n\u2019\u00e9tait pas \u00e0 cause d\u2019un contact\u2026 En r\u00e9alit\u00e9, le joueur a applaudi ses co\u00e9quipiers lorsqu\u2019ils r\u00e9alisaient de bonnes performances, le tout en tenant son prot\u00e8ge-dents dans ses mains.<\/p>\n<p class=\"std-elt__inline\">\n        <strong>\u00c0 lire aussi :<\/strong><br \/>\n        <a href=\"https:\/\/www.ladepeche.fr\/2025\/11\/24\/video-stade-toulousain-gifle-insultes-quand-la-blessure-de-mallia-fait-monter-la-pression-dans-les-couloirs-de-twickenham-13070525.php\" target=\"_blank\" rel=\"noopener\">VID\u00c9O. Stade Toulousain\u00a0: gifle, insultes\u2026 Quand la blessure de Mallia fait monter la pression dans les couloirs de Twickenham<\/a>\n    <\/p>\n<p>C\u2019est donc la vibration de ses applaudissements qui l\u2019ont contraint \u00e0 effectuer non pas un, mais deux protocoles de suspicion de commotion. \u00ab\u00a0Alors, o\u00f9 va la technologie\u00a0? Comment s\u2019en sert-on\u00a0? Je pense que l\u2019utilisation abusive n\u2019est pas g\u00e9niale\u00a0\u00bb, a d\u00e9clar\u00e9\u00a0Felipe Contepomi, le s\u00e9lectionneur de l\u2019Argentine.<\/p>\n","protected":false},"excerpt":{"rendered":"l&rsquo;essentiel Le demi d\u2019ouverture de l\u2019\u00e9quipe d\u2019Argentine de rugby a d\u00fb effectuer deux protocoles commotions \u00e0 la suite&hellip;\n","protected":false},"author":2,"featured_media":556408,"comment_status":"","ping_status":"","sticky":false,"template":"","format":"standard","meta":{"footnotes":""},"categories":[1416],"tags":[1011,27,479,1468,60],"class_list":{"0":"post-556407","1":"post","2":"type-post","3":"status-publish","4":"format-standard","5":"has-post-thumbnail","7":"category-rugby","8":"tag-fr","9":"tag-france","10":"tag-rugby","11":"tag-rugby-football","12":"tag-sports"},"share_on_mastodon":{"url":"https:\/\/pubeurope.com\/@fr\/115607273786405996","error":""},"_links":{"self":[{"href":"https:\/\/www.europesays.com\/fr\/wp-json\/wp\/v2\/posts\/556407","targetHints":{"allow":["GET"]}}],"collection":[{"href":"https:\/\/www.europesays.com\/fr\/wp-json\/wp\/v2\/posts"}],"about":[{"href":"https:\/\/www.europesays.com\/fr\/wp-json\/wp\/v2\/types\/post"}],"author":[{"embeddable":true,"href":"https:\/\/www.europesays.com\/fr\/wp-json\/wp\/v2\/users\/2"}],"replies":[{"embeddable":true,"href":"https:\/\/www.europesays.com\/fr\/wp-json\/wp\/v2\/comments?post=556407"}],"version-history":[{"count":0,"href":"https:\/\/www.europesays.com\/fr\/wp-json\/wp\/v2\/posts\/556407\/revisions"}],"wp:featuredmedia":[{"embeddable":true,"href":"https:\/\/www.europesays.com\/fr\/wp-json\/wp\/v2\/media\/556408"}],"wp:attachment":[{"href":"https:\/\/www.europesays.com\/fr\/wp-json\/wp\/v2\/media?parent=556407"}],"wp:term":[{"taxonomy":"category","embeddable":true,"href":"https:\/\/www.europesays.com\/fr\/wp-json\/wp\/v2\/categories?post=556407"},{"taxonomy":"post_tag","embeddable":true,"href":"https:\/\/www.europesays.com\/fr\/wp-json\/wp\/v2\/tags?post=556407"}],"curies":[{"name":"wp","href":"https:\/\/api.w.org\/{rel}","templated":true}]}}