{"id":556411,"date":"2025-11-24T23:33:14","date_gmt":"2025-11-24T23:33:14","guid":{"rendered":"https:\/\/www.europesays.com\/fr\/556411\/"},"modified":"2025-11-24T23:33:14","modified_gmt":"2025-11-24T23:33:14","slug":"godon-reve-de-revenir-sur-le-tour","status":"publish","type":"post","link":"https:\/\/www.europesays.com\/fr\/556411\/","title":{"rendered":"Godon r\u00eave de revenir sur le Tour"},"content":{"rendered":"<p><strong>Dans une interview \u00e0 Cyclingnews,<br \/>\nle champion de France Dorian Godon \u00e9voque ses objectifs avec sa<br \/>\nnouvelle \u00e9quipe, Ineos Grenadiers, pour ce qui sera sa toute<br \/>\npremi\u00e8re exp\u00e9rience \u00e0 l&rsquo;\u00e9tranger.<\/strong><\/p>\n<p>Cet hiver, Dorian Godon va franchir le pas. Apr\u00e8s dix saisons en<br \/>\nFrance, sous le maillot de Cofidis puis Decathlon-AG2R La Mondiale,<br \/>\nle coureur de 29 ans va int\u00e9grer l\u2019\u00e9quipe britannique Ineos<br \/>\nGrenadiers, o\u00f9 il s\u2019est engag\u00e9 pour trois saisons et o\u00f9 il<br \/>\nretrouvera d\u2019ailleurs deux compatriotes, Axel Laurance et Kevin<br \/>\nVauquelin. Sacr\u00e9 champion de France en juin dernier, le Francilien<br \/>\nne pouvait pas refuser une telle offre, m\u00eame s\u2019il ne l\u2019aurait pas<br \/>\nforc\u00e9ment accept\u00e9e par le pass\u00e9, comme il confie dans une interview<br \/>\n\u00e0 Cyclingnews.<\/p>\n<p>\u00ab Ineos est un projet passionnant pour moi. J\u2019ai toujours dit<br \/>\nque je voulais courir dans une \u00e9quipe \u00e9trang\u00e8re, en tant que<br \/>\ncycliste fran\u00e7ais ayant \u00e9volu\u00e9 dans des \u00e9quipes fran\u00e7aises pendant<br \/>\n10 ans. Je souhaite d\u00e9couvrir une nouvelle \u00e9quipe, et celle-ci est<br \/>\nl\u2019une des plus professionnelles. Ce n\u2019\u00e9tait pas ma seule<br \/>\npossibilit\u00e9, mais la plus int\u00e9ressante. <strong>Il y a peut-\u00eatre<br \/>\ntrois ans, je n\u2019aurais pas eu envie d\u2019y aller, mais maintenant je<br \/>\nsuis tr\u00e8s enthousiaste<\/strong>, car ils ont un peu modifi\u00e9 leur<br \/>\nstrat\u00e9gie. Ils sont plus offensifs et peut-\u00eatre plus attractifs \u00bb,<br \/>\nexplique Godon.<\/p>\n<p>Godon r\u00eave du maillot<br \/>\njaune<\/p>\n<p>Aux c\u00f4t\u00e9s de coureurs de renom comme Egan Bernal, Carlos<br \/>\nRodriguez, Filippo Ganna ou Thymen Arensman, Dorian Godon va tenter<br \/>\nde faire sa place, et il y croit, gr\u00e2ce \u00e0 son profil diff\u00e9rent. \u00ab<br \/>\nJ\u2019aurai ma chance. Il n\u2019y a pas beaucoup de coureurs de mon profil,<br \/>\npeut-\u00eatre Ben Turner aussi. Je peux gagner au sprint dans un petit<br \/>\ngroupe et contribuer au classement g\u00e9n\u00e9ral et aux \u00e9chapp\u00e9es lors<br \/>\nd\u2019un Grand Tour. Je suis tr\u00e8s polyvalent. <strong>Je veux gagner<br \/>\nune course d\u2019un jour, par exemple, comme le GP de Qu\u00e9bec ou une<br \/>\nclassique belge<\/strong> \u00bb<\/p>\n<p>Et le Tour de France dans tout \u00e7a ? Dorian Godon y a pris part \u00e0<br \/>\ndeux reprises, finissant 71e en 2021 et 82e en 2024, dans<br \/>\nl\u2019anonymat. \u00ab Ce serait bien d\u2019y retourner, reconnait-il. Mais<br \/>\nIneos Grenadiers est une grande \u00e9quipe, avec tellement de bons<br \/>\ncoureurs pour le contre-la-montre par \u00e9quipes de Barcelone (lors de<br \/>\nla 1re \u00e9tape, ndlr), par exemple. Gagner \u00e0 Barcelone et porter le<br \/>\nmaillot jaune serait un r\u00eave. Je ne suis pas si mauvais en<br \/>\ncontre-la-montre, et je progresserai certainement gr\u00e2ce au<br \/>\nd\u00e9veloppement de l\u2019\u00e9quipe et de ses talents dans ce domaine. \u00bb<\/p>\n","protected":false},"excerpt":{"rendered":"Dans une interview \u00e0 Cyclingnews, le champion de France Dorian Godon \u00e9voque ses objectifs avec sa nouvelle \u00e9quipe,&hellip;\n","protected":false},"author":2,"featured_media":556412,"comment_status":"","ping_status":"","sticky":false,"template":"","format":"standard","meta":{"footnotes":""},"categories":[1411],"tags":[1154,207,1011,27,67393,67394,57681,60,210],"class_list":{"0":"post-556411","1":"post","2":"type-post","3":"status-publish","4":"format-standard","5":"has-post-thumbnail","7":"category-cyclisme","8":"tag-cycling","9":"tag-cyclisme","10":"tag-fr","11":"tag-france","12":"tag-godon","13":"tag-ineos-grenadiers","14":"tag-sport365-fr","15":"tag-sports","16":"tag-tour-de-france"},"share_on_mastodon":{"url":"https:\/\/pubeurope.com\/@fr\/115607293721222925","error":""},"_links":{"self":[{"href":"https:\/\/www.europesays.com\/fr\/wp-json\/wp\/v2\/posts\/556411","targetHints":{"allow":["GET"]}}],"collection":[{"href":"https:\/\/www.europesays.com\/fr\/wp-json\/wp\/v2\/posts"}],"about":[{"href":"https:\/\/www.europesays.com\/fr\/wp-json\/wp\/v2\/types\/post"}],"author":[{"embeddable":true,"href":"https:\/\/www.europesays.com\/fr\/wp-json\/wp\/v2\/users\/2"}],"replies":[{"embeddable":true,"href":"https:\/\/www.europesays.com\/fr\/wp-json\/wp\/v2\/comments?post=556411"}],"version-history":[{"count":0,"href":"https:\/\/www.europesays.com\/fr\/wp-json\/wp\/v2\/posts\/556411\/revisions"}],"wp:featuredmedia":[{"embeddable":true,"href":"https:\/\/www.europesays.com\/fr\/wp-json\/wp\/v2\/media\/556412"}],"wp:attachment":[{"href":"https:\/\/www.europesays.com\/fr\/wp-json\/wp\/v2\/media?parent=556411"}],"wp:term":[{"taxonomy":"category","embeddable":true,"href":"https:\/\/www.europesays.com\/fr\/wp-json\/wp\/v2\/categories?post=556411"},{"taxonomy":"post_tag","embeddable":true,"href":"https:\/\/www.europesays.com\/fr\/wp-json\/wp\/v2\/tags?post=556411"}],"curies":[{"name":"wp","href":"https:\/\/api.w.org\/{rel}","templated":true}]}}