{"id":556415,"date":"2025-11-24T23:35:18","date_gmt":"2025-11-24T23:35:18","guid":{"rendered":"https:\/\/www.europesays.com\/fr\/556415\/"},"modified":"2025-11-24T23:35:18","modified_gmt":"2025-11-24T23:35:18","slug":"telethon-santa-la-marraine-aurait-demande-a-ce-que-slimane-et-vitaa-soient-evinces-cyril-hanouna-balance","status":"publish","type":"post","link":"https:\/\/www.europesays.com\/fr\/556415\/","title":{"rendered":"T\u00e9l\u00e9thon : Santa, la marraine, aurait demand\u00e9 \u00e0 ce que Slimane et Vitaa soient \u00e9vinc\u00e9s, Cyril Hanouna balance"},"content":{"rendered":"<p><strong><a href=\"https:\/\/www.public.fr\/tag\/vitaa\" target=\"_blank\" rel=\"noopener\">Vitaa<\/a> et <a href=\"https:\/\/www.public.fr\/tag\/slimane\" target=\"_blank\" rel=\"noopener\">Slimane<\/a> auraient d\u00fb participer au T\u00e9l\u00e9thon<\/strong> le 5 et 6 d\u00e9cembre prochain selon les informations de <a href=\"https:\/\/www.public.fr\/tag\/cyril-hanouna\" target=\"_blank\" rel=\"noopener\">Cyril Hanouna<\/a>. N\u00e9anmoins, toujours selon le pr\u00e9sentateur, les deux artistes auraient \u00e9t\u00e9 \u00e9vinc\u00e9s \u00e0 la demande de Santa, <a href=\"https:\/\/www.public.fr\/telethon-2025-santa-choisie-comme-marraine\" target=\"_blank\" rel=\"noopener\">marraine de la prochaine \u00e9dition<\/a>.<\/p>\n<p>C\u2019est dans la quotidienne de ce lundi 24 novembre 2025 que l\u2019animateur de W9 a annonc\u00e9 la nouvelle. Selon ses informations, la marraine du T\u00e9l\u00e9thon aurait <strong>refus\u00e9 que le duo se retrouve \u00e0 la programmation<\/strong> de l\u2019\u00e9v\u00e9nement pour plusieurs raisons.<\/p>\n<p>Pour rappel, Slimane a fait l\u2019objet d\u2019une enqu\u00eate lorsqu\u2019une affaire \u00e9clatait au grand jour en 2024. L\u2019interpr\u00e8te de Mon amour faisait l\u2019objet de <strong>plusieurs plaintes pour harc\u00e8lement sexuel<\/strong> de la part de techniciens lors de ses concerts. La justice a finalement rendu son verdict le 16 septembre dernier.<\/p>\n<p>Le chanteur de 36\u00a0ans a en effet \u00e9t\u00e9 <a href=\"https:\/\/www.public.fr\/slimane-condamne-apres-laffaire-de-harcelement-son-technicien-a-remporte-la-bataille-judiciaire\" target=\"_blank\" rel=\"noopener\">condamn\u00e9 par le tribunal judiciaire<\/a> de Saint-Etienne \u00e0 payer une amende de 10\u00a0000\u00a0euros, dont 3\u00a0000\u00a0avec sursis, pour des faits de harc\u00e8lement commis en d\u00e9cembre 2023\u00a0sur un technicien lors d&rsquo;un concert. N\u00e9anmoins, cette affaire tracasse visiblement Santa \u00e0 en croire les r\u00e9v\u00e9lations de <a href=\"https:\/\/vsd.fr\/tag\/cyril-hanouna\/\" target=\"_blank\" rel=\"noopener\">Cyril Hanouna<\/a>.\u00a0<\/p>\n<p>Slimane \u00e9vinc\u00e9 du T\u00e9l\u00e9thon \u00e0 la demande de Santa ? <\/p>\n<p>\u00ab\u00a0Vous savez que c&rsquo;est Santa la marraine du T\u00e9l\u00e9thon. \u00c7a aura lieu les 5 et 6 d\u00e9cembre prochains. Sachez que Slimane vient toujours dans le T\u00e9l\u00e9thon, il est toujours l\u00e0 quand on a besoin de lui, pour les associations. Voil\u00e0, Slimane, c&rsquo;est quand m\u00eame un amour. C&rsquo;est vrai, c&rsquo;est un mec qui est toujours l\u00e0 quand on a besoin de lui, qui ne demande rien, qui est toujours heureux de venir participer\u00a0\u00bb, a d\u2019abord rappel\u00e9 le pr\u00e9sentateur de <strong>TBT9<\/strong>.\u00a0<\/p>\n<p>Par la suite, celui-ci a fait la r\u00e9v\u00e9lation tant attendue : \u00ab\u00a0Et <strong>Santa a demand\u00e9 qu\u2019on \u00e9vince Slimane du T\u00e9l\u00e9thon. <\/strong>Sachez-le, elle a dit qu&rsquo;elle ne voulait pas de Slimane pour venir chanter au T\u00e9l\u00e9thon, alors que Slimane, son affaire a \u00e9t\u00e9 r\u00e9gl\u00e9e, \u00e7a y est. C\u2019est dingue, Slimane qui est quand m\u00eame pour moi, excusez-moi, hein, entre Slimane et Santa, en termes de notori\u00e9t\u00e9 et en termes de rayonnance, il n\u2019y a pas photo\u00a0\u00bb.<\/p>\n<p>Toujours selon Cyril Hanouna, le chanteur r\u00e9cemment condamn\u00e9 par la justice devait bel et bien figurer \u00e0 la programmation du T\u00e9l\u00e9thon. Mais \u00e0 la demande de Santa, il ne devrait finalement pas assister \u00e0 l\u2019\u00e9v\u00e9nement pr\u00e9vu les 5 et 6 d\u00e9cembre prochain, contre son gr\u00e9. Mais <strong>le chanteur de 36 ans ne serait pas le seul vis\u00e9 par le pr\u00e9sum\u00e9 v\u00e9to de Santa.\u00a0<\/strong><\/p>\n<p>Vitaa \u00e9galement \u00e9vinc\u00e9e sur demande de la marraine ? <\/p>\n<p>\u00ab\u00a0De base, Slimane devait venir, et <strong>elle a aussi interdit Vitaa<\/strong>. Santa a interdit Vitaa de T\u00e9l\u00e9thon. Elle dit qu&rsquo;elle ne voulait pas que Vitaa soit \u00e9galement dans le T\u00e9l\u00e9thon par jalousie, puisque Vitaa, avait gagn\u00e9\u2026 elle serait jalouse de Vitaa <strong>parce qu&rsquo;elle a gagn\u00e9 de nombreux prix face \u00e0 elle, et notamment, je crois, les NRJ Music Awards\u00a0\u00bb<\/strong>, a \u00e9galement assur\u00e9 \u00ab\u00a0Baba\u00a0\u00bb.\u00a0<\/p>\n<p>Avant de poursuivre : \u00ab\u00a0Sachez que Vitaa et Slimane avaient \u00e9t\u00e9 invit\u00e9s par France T\u00e9l\u00e9visions et demand\u00e9s par France T\u00e9l\u00e9visions dans la programmation. Ils ont \u00e9t\u00e9 demand\u00e9s par France T\u00e9l\u00e9visions. Et Santa a mis un veto sur Vitaa et Slimane. Elle a dit : <strong>\u2018Si c&rsquo;est Vitaa et Slimane, je ne fais pas le T\u00e9l\u00e9thon, je ne suis plus marraine du T\u00e9l\u00e9thon\u2019<\/strong>\u00ab\u00a0.<\/p>\n<p>\n          Hits &amp; People en continu\n        <\/p>\n<p>\n          Public Radio\n        <\/p>\n<p>      Mentionn\u00e9s dans cet article<\/p>\n<p>      Sur le m\u00eame sujet<\/p>\n","protected":false},"excerpt":{"rendered":"Vitaa et Slimane auraient d\u00fb participer au T\u00e9l\u00e9thon le 5 et 6 d\u00e9cembre prochain selon les informations de&hellip;\n","protected":false},"author":2,"featured_media":556416,"comment_status":"","ping_status":"","sticky":false,"template":"","format":"standard","meta":{"footnotes":""},"categories":[1359],"tags":[1083,58,59,1011,27,973,44726,9055,12846,22498,22497,26648],"class_list":{"0":"post-556415","1":"post","2":"type-post","3":"status-publish","4":"format-standard","5":"has-post-thumbnail","7":"category-people","8":"tag-cyril-hanouna","9":"tag-divertissement","10":"tag-entertainment","11":"tag-fr","12":"tag-france","13":"tag-people","14":"tag-santa","15":"tag-slimane","16":"tag-telethon","17":"tag-tout-9-tbt9","18":"tag-tout-beau","19":"tag-vitaa"},"share_on_mastodon":{"url":"https:\/\/pubeurope.com\/@fr\/115607301194637081","error":""},"_links":{"self":[{"href":"https:\/\/www.europesays.com\/fr\/wp-json\/wp\/v2\/posts\/556415","targetHints":{"allow":["GET"]}}],"collection":[{"href":"https:\/\/www.europesays.com\/fr\/wp-json\/wp\/v2\/posts"}],"about":[{"href":"https:\/\/www.europesays.com\/fr\/wp-json\/wp\/v2\/types\/post"}],"author":[{"embeddable":true,"href":"https:\/\/www.europesays.com\/fr\/wp-json\/wp\/v2\/users\/2"}],"replies":[{"embeddable":true,"href":"https:\/\/www.europesays.com\/fr\/wp-json\/wp\/v2\/comments?post=556415"}],"version-history":[{"count":0,"href":"https:\/\/www.europesays.com\/fr\/wp-json\/wp\/v2\/posts\/556415\/revisions"}],"wp:featuredmedia":[{"embeddable":true,"href":"https:\/\/www.europesays.com\/fr\/wp-json\/wp\/v2\/media\/556416"}],"wp:attachment":[{"href":"https:\/\/www.europesays.com\/fr\/wp-json\/wp\/v2\/media?parent=556415"}],"wp:term":[{"taxonomy":"category","embeddable":true,"href":"https:\/\/www.europesays.com\/fr\/wp-json\/wp\/v2\/categories?post=556415"},{"taxonomy":"post_tag","embeddable":true,"href":"https:\/\/www.europesays.com\/fr\/wp-json\/wp\/v2\/tags?post=556415"}],"curies":[{"name":"wp","href":"https:\/\/api.w.org\/{rel}","templated":true}]}}