{"id":556417,"date":"2025-11-24T23:37:17","date_gmt":"2025-11-24T23:37:17","guid":{"rendered":"https:\/\/www.europesays.com\/fr\/556417\/"},"modified":"2025-11-24T23:37:17","modified_gmt":"2025-11-24T23:37:17","slug":"architecture-gaetan-le-penhuel-et-son-ecole-de-tremblay-en-france-recompenses-de-lequerre-dargent-2025-liberation","status":"publish","type":"post","link":"https:\/\/www.europesays.com\/fr\/556417\/","title":{"rendered":"Architecture : Ga\u00ebtan Le Penhuel et son \u00e9cole de Tremblay-en-France r\u00e9compens\u00e9s de l\u2019Equerre d\u2019argent 2025 &#8211; Lib\u00e9ration"},"content":{"rendered":"<ol>\n<li><a href=\"https:\/\/news.google.com\/rss\/articles\/CBMijwJBVV95cUxQOWM1Tlo2cDVxelBxQ0JLNGVJcU04Z1pNNC1mU2RlajlRTmdZTTBYT3pqVzlBYmU2WllhYzRJaW1qZGE2ZVU3UUk3QlJucGtmZDFBZE5xWllaTkJfWnlNeEw1Z1FCejB5SnZ2ZFJieHV1RmszMDZVT2E5NE1vSlNsQXRabEY5VEtNTkFRYUhYNExnaE43SDViWDNwV3d3ZlZib2VZMEhlWkY3MFljOFQyZ2dOMkNsUnNfbVdwT0hwaVd0YnlQSlZTbGd5WGVOYlpESmdMdlFrOV9TaXhqSk5KRWY2bE9SdWQ5R1laRW9MUW5wckw0ZDlzU0p6ZHdDYTc2alRTaENhNWFSSUdFMUtB?oc=5\" target=\"_blank\" rel=\"noopener\">Architecture : Ga\u00ebtan Le Penhuel et son \u00e9cole de Tremblay-en-France r\u00e9compens\u00e9s de l\u2019Equerre d\u2019argent 2025<\/a>&nbsp;&nbsp;Lib\u00e9ration<\/li>\n<li><a href=\"https:\/\/news.google.com\/rss\/articles\/CBMilgFBVV95cUxOTGpBalp4bFRlME1jUWI2QWdFaGVSTjdpdmhXSEZDYzVSR3FCeUI5cmUyLVRWbWp3WVRWSDZabHl6dXdSZXFTT1YxX3JNTFRia3BOaDV3QkREcGljbk1Yd0M2NHZxczRLQzlscWRHLXh4clA2eklsRHowcEYxYlhMOGVWVVBzc2w5RG1JalowS21LYnd4U0E?oc=5\" target=\"_blank\" rel=\"noopener\">Tout sur l&rsquo;\u00c9querre d&rsquo;argent 2025 : le jury et les nomm\u00e9s<\/a>&nbsp;&nbsp;AMC Archi<\/li>\n<li><a href=\"https:\/\/news.google.com\/rss\/articles\/CBMi7gFBVV95cUxPUkFnT0Y5MmRLT19lelpuaElJazhGVDhjU3gtaDR3cmVhUFZrWEJYYjV5dmJfU3RzWC1EUmMtYzBuN2ZTeDlfa0l5b1ZXQ3lnNTZZdGVJUkdfZ185TjA1TUNoU1RoQUdMNHFUQ213TTJGX1NoV0NGamE0ZlpqaGM4b2JYcFZYQUU4Zl82SW80bVVNMkc4THc0TkhUdUZvSFpHdnV1MGZyS2lYTGstb1dHSGpDSEFOcE1oeU9LYnVIWnJlYUMtRHU1VENVQWVpVURpRW1kQnNNR2ZmbXR3YnM0SnJBdFU4Y1N1RElqV3FB?oc=5\" target=\"_blank\" rel=\"noopener\">Equerre d\u2019argent 2025 : une architecture ambitieuse qui pourrait faire \u00e9cole<\/a>&nbsp;&nbsp;Le Moniteur<\/li>\n<li><a href=\"https:\/\/news.google.com\/rss\/articles\/CBMiiAFBVV95cUxOTWpvX0hkd1gxVktrUzZDVVVxSnJXLWdCWTFENldyUjNMMGRKaERuelk1cHZCRTRiNm1KQWFzNlFJN2hWWGlTZEV2OUlXUkZfWjN4SndSNjg3Nl8zYU5ZNlY3bndvLW5Qc1RBWWpYcUh2OWZJVWxiZ0xJMXluREd2ZmYycTlOcl9t?oc=5\" target=\"_blank\" rel=\"noopener\">\u00c9querre d&rsquo;argent 2025 : le palmar\u00e8s complet<\/a>&nbsp;&nbsp;AMC Archi<\/li>\n<\/ol>\n","protected":false},"excerpt":{"rendered":"Architecture : Ga\u00ebtan Le Penhuel et son \u00e9cole de Tremblay-en-France r\u00e9compens\u00e9s de l\u2019Equerre d\u2019argent 2025&nbsp;&nbsp;Lib\u00e9ration Tout sur l&rsquo;\u00c9querre&hellip;\n","protected":false},"author":2,"featured_media":556418,"comment_status":"","ping_status":"","sticky":false,"template":"","format":"standard","meta":{"footnotes":""},"categories":[1358],"tags":[1348,1384,1385,1386,58,59,1011,27],"class_list":{"0":"post-556417","1":"post","2":"type-post","3":"status-publish","4":"format-standard","5":"has-post-thumbnail","7":"category-arts-et-design","8":"tag-arts","9":"tag-arts-and-design","10":"tag-arts-et-design","11":"tag-design","12":"tag-divertissement","13":"tag-entertainment","14":"tag-fr","15":"tag-france"},"share_on_mastodon":{"url":"https:\/\/pubeurope.com\/@fr\/115607309087934406","error":""},"_links":{"self":[{"href":"https:\/\/www.europesays.com\/fr\/wp-json\/wp\/v2\/posts\/556417","targetHints":{"allow":["GET"]}}],"collection":[{"href":"https:\/\/www.europesays.com\/fr\/wp-json\/wp\/v2\/posts"}],"about":[{"href":"https:\/\/www.europesays.com\/fr\/wp-json\/wp\/v2\/types\/post"}],"author":[{"embeddable":true,"href":"https:\/\/www.europesays.com\/fr\/wp-json\/wp\/v2\/users\/2"}],"replies":[{"embeddable":true,"href":"https:\/\/www.europesays.com\/fr\/wp-json\/wp\/v2\/comments?post=556417"}],"version-history":[{"count":0,"href":"https:\/\/www.europesays.com\/fr\/wp-json\/wp\/v2\/posts\/556417\/revisions"}],"wp:featuredmedia":[{"embeddable":true,"href":"https:\/\/www.europesays.com\/fr\/wp-json\/wp\/v2\/media\/556418"}],"wp:attachment":[{"href":"https:\/\/www.europesays.com\/fr\/wp-json\/wp\/v2\/media?parent=556417"}],"wp:term":[{"taxonomy":"category","embeddable":true,"href":"https:\/\/www.europesays.com\/fr\/wp-json\/wp\/v2\/categories?post=556417"},{"taxonomy":"post_tag","embeddable":true,"href":"https:\/\/www.europesays.com\/fr\/wp-json\/wp\/v2\/tags?post=556417"}],"curies":[{"name":"wp","href":"https:\/\/api.w.org\/{rel}","templated":true}]}}