{"id":556419,"date":"2025-11-24T23:39:22","date_gmt":"2025-11-24T23:39:22","guid":{"rendered":"https:\/\/www.europesays.com\/fr\/556419\/"},"modified":"2025-11-24T23:39:22","modified_gmt":"2025-11-24T23:39:22","slug":"jean-baptiste-et-steven-anthony-et-eve","status":"publish","type":"post","link":"https:\/\/www.europesays.com\/fr\/556419\/","title":{"rendered":"Jean-Baptiste et Steven, Anthony et Eve &#8230;"},"content":{"rendered":"<p>EN BREF<\/p>\n<ul class=\"bloc_resume_post_list\">\n<li>La saison 20 de L\u00a0\u00bbamour est dans le pr\u00e9 est termin\u00e9e et<br \/>\nla premi\u00e8re partie du bilan a \u00e9t\u00e9 diffus\u00e9e ce 24 novembre sur<br \/>\nM6.<\/li>\n<li>Que s&rsquo;est-il pass\u00e9 depuis que les cam\u00e9ras de l&rsquo;\u00e9mission<br \/>\nont quitt\u00e9 les agriculteurs et les agricultrices de cette saison<br \/>\n?<\/li>\n<li>C&rsquo;est le moment de d\u00e9couvrir qui est encore ensemble et<br \/>\nqui s&rsquo;est s\u00e9par\u00e9 !<\/li>\n<\/ul>\n<p>C\u2019est toujours un moment tr\u00e8s attendu apr\u00e8s une saison de<br \/>\nL\u2019amour est dans le pr\u00e9 : le bilan. Apr\u00e8s la diffusion de la<br \/>\npremi\u00e8re partie du <a href=\"https:\/\/www.m6.fr\/\" rel=\"nofollow noopener\" target=\"_blank\">M6<\/a>, il est temps de faire un petit r\u00e9cap\u2019 de la<br \/>\npoign\u00e9e d\u2019agriculteurs et agricultrices qui ont d\u00e9voil\u00e9 leur<br \/>\nnouveau statut amoureux. Et on commence avec Jean-Louis qui,<br \/>\n<a href=\"https:\/\/www.telestar.fr\/tele_realite\/adp\/lamour-est-dans-le-pre-2025-ca-a-ete-flagrant-jean-louis-devoile-les-dessous-du-depart-tonitruant-de-soso-1743482\" rel=\"noopener\" target=\"_blank\">apr\u00e8s le d\u00e9part fracassant de Soso<\/a>, s\u2019est retrouv\u00e9 en<br \/>\nt\u00eate-\u00e0-t\u00eate avec Sophie\u2026 avec qui il est toujours. <strong>Le<br \/>\ncouple est plus amoureux que jamais<\/strong> et l\u2019emm\u00e9nagement<br \/>\napproche \u00e0 grands pas, une bonne nouvelle qui n\u2019\u00e9tonne pas au vu de<br \/>\nl\u2019\u00e9vidence qui s\u2019est \u00e9crite entre eux.<\/p>\n<p>M\u00eame situation pour <strong>Denis et Romy<\/strong>, qui<br \/>\npr\u00e9voient cependant un emm\u00e9nagement d\u00e9finitif lorsque l\u2019agriculteur<br \/>\nsera \u00e0 la retraite. En attendant, le couple se voit r\u00e9guli\u00e8rement<br \/>\net profite de leur vie \u00e0 deux pour solidifier les bases d\u2019une belle<br \/>\nrelation. Et le son de cloche est le m\u00eame pour <strong>Laurent et<br \/>\nLaurence<\/strong>, dont l\u2019alchimie n\u2019aura \u00e9chapp\u00e9 \u00e0 personne &#8211; pas<br \/>\nm\u00eame \u00e0 Fran\u00e7oise qui a vu venir l\u2019annonce difficile du choix de<br \/>\nLaurent. Install\u00e9e \u00e0 Bordeaux, Laurence prend le temps de pr\u00e9voir<br \/>\nson d\u00e9m\u00e9nagement et de rassurer Laurent, impatient de passer plus<br \/>\nde temps \u00e0 ses c\u00f4t\u00e9s.<\/p>\n<p>L\u2019amour est dans le pr\u00e9 : qui est en couple et qui s\u2019est s\u00e9par\u00e9<br \/>\n?<\/p>\n<p>Pour l\u2019autre moiti\u00e9 du groupe qui passe devant Karine Le<br \/>\nMarchand dans cette premi\u00e8re partie, les choses ne sont pas si<br \/>\nsimples. Pierrick, qui semblait bien parti avec Livie, a expliqu\u00e9<br \/>\nque <strong>cette derni\u00e8re s\u2019est servie de lui pour rendre un autre<br \/>\nhomme jaloux<\/strong>. Lors d\u2019un weekend chez elle, <a href=\"https:\/\/www.telestar.fr\/tele_realite\/adp\/lamour-est-dans-le-pre-spoiler-karine-le-marchand-choquee-par-lhistoire-de-pierrick-ces-images-que-la-production-na-pas-montrees-1745795\" target=\"_blank\" rel=\"noopener\"><br \/>\nfilm\u00e9 par la production mais non diffus\u00e9<\/a>, elle s\u2019est montr\u00e9e<br \/>\ndistante hors-cam\u00e9ra et l\u2019agriculteur a fini par d\u00e9couvrir la<br \/>\nv\u00e9rit\u00e9. Mais son histoire s\u2019est heureusement bien termin\u00e9e<br \/>\npuisqu\u2019il a fini par rencontrer une autre femme gr\u00e2ce au courrier<br \/>\nde L\u2019amour est dans le pr\u00e9.<\/p>\n<p>Du c\u00f4t\u00e9 de C\u00e9lia, <strong>l\u2019histoire avec Cl\u00e9ment s\u2019est arr\u00eat\u00e9e<br \/>\napr\u00e8s un weekend pass\u00e9 ensemble.<\/strong> Le jeune homme a avou\u00e9<br \/>\nqu\u2019une situation familiale compliqu\u00e9e et un burn-out difficile ont<br \/>\nfait qu\u2019il n\u2019\u00e9tait finalement pas pr\u00eat pour \u00eatre en couple. Une<br \/>\nd\u00e9ception pour C\u00e9lia qui a confi\u00e9 avoir l\u2019impression que<br \/>\n\u00ab\u00a0Cl\u00e9ment a pris la place de quelqu\u2019un\u00a0\u00bb qui aurait pu \u00eatre<br \/>\nr\u00e9ellement pr\u00eat \u00e0 s\u2019engager. <strong>Oc\u00e9ane<\/strong> de son c\u00f4t\u00e9<br \/>\nest toujours \u00e0 la recherche de l\u2019amour, mais elle reconna\u00eet que<br \/>\nl\u2019\u00e9mission l\u2019a beaucoup aid\u00e9e \u00e0 avancer et \u00e0 davantage s\u2019ouvrir \u00e0<br \/>\nune possible histoire d\u2019amour.<\/p>\n<p>Karine Le Marchand \u00e9coute et<br \/>\nrassure<\/p>\n<p>Comme certains l\u2019avaient pr\u00e9dit, <strong>l\u2019histoire de<br \/>\nJean-Baptiste et Steven n\u2019a pas dur\u00e9 non plus.<\/strong> Malgr\u00e9 un<br \/>\ncoup de c\u0153ur \u00e9vident, Jean-Baptiste a confi\u00e9 qu\u2019il avait toujours<br \/>\ndes doutes sur leur compatibilit\u00e9, et qu\u2019un s\u00e9jour prolong\u00e9 de<br \/>\nSteven chez lui a fini de le convaincre qu\u2019il ne voulait pas aller<br \/>\nplus loin. La voix off de Karine Le Marchand annonce cependant<br \/>\nqu\u2019il a, depuis, trouv\u00e9 l\u2019amour aupr\u00e8s d\u2019un certain Nicolas.<\/p>\n<p>Enfin l\u2019animatrice de la cha\u00eene s\u2019int\u00e9resse au cas d\u2019Anthony,<br \/>\nqui a avanc\u00e9 \u00e0 vitesse grand V avec Evelyne avant de <a href=\"https:\/\/www.telestar.fr\/tele_realite\/adp\/lamour-est-dans-le-pre-spoiler-un-couple-rompt-de-maniere-assez-brutale-1741601\" target=\"_blank\" rel=\"noopener\"><br \/>\nfaire brusquement machine arri\u00e8re<\/a>. Habitu\u00e9e \u00e0 faire parler les<br \/>\nagriculteurs, <strong>Karine Le Marchand fait reconna\u00eetre \u00e0 Anthony<br \/>\nqu\u2019il a laiss\u00e9 Evelyne esp\u00e9rer<\/strong> tandis qu\u2019il n\u2019\u00e9tait pas<br \/>\npr\u00eat \u00e0 compl\u00e8tement s\u2019engager. Cela permet \u00e0 l\u2019agriculteur, qui<br \/>\ns\u2019est excus\u00e9 aupr\u00e8s de sa pr\u00e9tendante, de r\u00e9aliser qu\u2019il a encore<br \/>\nun peu de travail \u00e0 faire sur lui-m\u00eame pour \u00eatre dans des<br \/>\nconditions plus propices \u00e0 une rencontre.<\/p>\n","protected":false},"excerpt":{"rendered":"EN BREF La saison 20 de L\u00a0\u00bbamour est dans le pr\u00e9 est termin\u00e9e et la premi\u00e8re partie du&hellip;\n","protected":false},"author":2,"featured_media":556420,"comment_status":"","ping_status":"","sticky":false,"template":"","format":"standard","meta":{"footnotes":""},"categories":[1356],"tags":[548,58,59,1011,27,5413,9307,252,1364],"class_list":{"0":"post-556419","1":"post","2":"type-post","3":"status-publish","4":"format-standard","5":"has-post-thumbnail","7":"category-television","8":"tag-article-simple","9":"tag-divertissement","10":"tag-entertainment","11":"tag-fr","12":"tag-france","13":"tag-karine-le-marchand","14":"tag-lamour-est-dans-le-pre","15":"tag-television","16":"tag-tv"},"share_on_mastodon":{"url":"https:\/\/pubeurope.com\/@fr\/115607317159791600","error":""},"_links":{"self":[{"href":"https:\/\/www.europesays.com\/fr\/wp-json\/wp\/v2\/posts\/556419","targetHints":{"allow":["GET"]}}],"collection":[{"href":"https:\/\/www.europesays.com\/fr\/wp-json\/wp\/v2\/posts"}],"about":[{"href":"https:\/\/www.europesays.com\/fr\/wp-json\/wp\/v2\/types\/post"}],"author":[{"embeddable":true,"href":"https:\/\/www.europesays.com\/fr\/wp-json\/wp\/v2\/users\/2"}],"replies":[{"embeddable":true,"href":"https:\/\/www.europesays.com\/fr\/wp-json\/wp\/v2\/comments?post=556419"}],"version-history":[{"count":0,"href":"https:\/\/www.europesays.com\/fr\/wp-json\/wp\/v2\/posts\/556419\/revisions"}],"wp:featuredmedia":[{"embeddable":true,"href":"https:\/\/www.europesays.com\/fr\/wp-json\/wp\/v2\/media\/556420"}],"wp:attachment":[{"href":"https:\/\/www.europesays.com\/fr\/wp-json\/wp\/v2\/media?parent=556419"}],"wp:term":[{"taxonomy":"category","embeddable":true,"href":"https:\/\/www.europesays.com\/fr\/wp-json\/wp\/v2\/categories?post=556419"},{"taxonomy":"post_tag","embeddable":true,"href":"https:\/\/www.europesays.com\/fr\/wp-json\/wp\/v2\/tags?post=556419"}],"curies":[{"name":"wp","href":"https:\/\/api.w.org\/{rel}","templated":true}]}}