{"id":556422,"date":"2025-11-24T23:42:45","date_gmt":"2025-11-24T23:42:45","guid":{"rendered":"https:\/\/www.europesays.com\/fr\/556422\/"},"modified":"2025-11-24T23:42:45","modified_gmt":"2025-11-24T23:42:45","slug":"star-wars-a-un-probleme-selon-la-creatrice-de-the-acolyte-qui-parle-de-limportance-des-fans","status":"publish","type":"post","link":"https:\/\/www.europesays.com\/fr\/556422\/","title":{"rendered":"Star Wars a un probl\u00e8me selon la cr\u00e9atrice de The Acolyte, qui parle de l&rsquo;importance des fans"},"content":{"rendered":"<p><strong>Un an apr\u00e8s l\u2019annulation de la s\u00e9rie <a href=\"https:\/\/www.ecranlarge.com\/series\/1360223-the-acolyte\" data-type=\"series\" data-id=\"695774\" target=\"_blank\" rel=\"noopener\">The Acolyte<\/a> par <a href=\"https:\/\/www.ecranlarge.com\/personnalite\/1120525-disney\" data-type=\"people\" data-id=\"804728\" target=\"_blank\" rel=\"noopener\">Disney+<\/a>, la cr\u00e9atrice <a href=\"https:\/\/www.ecranlarge.com\/personnalite\/798482-leslye-headland\" data-type=\"people\" data-id=\"434371\" target=\"_blank\" rel=\"noopener\">Leslye Headland<\/a> revient sur la sortie houleuse de son spin-off <a href=\"https:\/\/www.ecranlarge.com\/c\/star-wars\" data-type=\"link\" data-id=\"https:\/\/www.ecranlarge.com\/c\/star-wars\" target=\"_blank\" rel=\"noopener\">Star Wars<\/a>.<\/strong><\/p>\n<p>Avec <strong>The Acolyte<\/strong>, Leslye Headland (<strong>Bachelorette, Poup\u00e9e russe<\/strong>) a cr\u00e9\u00e9 une vague de r\u00e9actions pour le moins intenses. <strong>Son spin-off <\/strong>avait en effet subi de nombreuses critiques et divis\u00e9 sur la base de consid\u00e9rations esth\u00e9tiques, jusqu\u2019au sein de la r\u00e9daction d\u2019\u00c9cran Large. Mais le d\u00e9riv\u00e9 de la saga de George Lucas avait \u00e9galement suscit\u00e9 des r\u00e9actions d\u2019une autre nature qui ont sans doute contribu\u00e9 \u00e0 ce que Disney n\u2019investisse pas dans une suite (230 millions de dollars de budget pour la saison 1 selon Forbes).<\/p>\n<p>                    <img decoding=\"async\" alt=\"\" class=\"wp-image-518375\" style=\"object-fit:cover;width:25px;height:25px\" src=\"https:\/\/www.ecranlarge.com\/content\/uploads\/2023\/09\/arrow-right-circle.svg\"\/><\/p>\n<p>On peut en effet supposer que la s\u00e9rie a aussi \u00e9t\u00e9 supprim\u00e9e \u00e0 cause de l\u2019avalanche de r\u00e9actions n\u00e9gatives sur Internet, reprochant son progressisme et sa mise en avant de personnages racis\u00e9s. Si certains se contentaient d\u2019affirmer que l\u2019univers <strong>Star Wars<\/strong> n\u2019\u00e9tait pas le lieu de ce genre de repr\u00e9sentations (l\u2019autrice \u00e9tant queer, elle assumait un regard queer), d\u2019autres y sont all\u00e9s bien plus frontalement dans les d\u00e9ferlements racistes ou misogynes. <strong>Plus d\u2019un an apr\u00e8s, Leslye Headland est revenue sur ces \u00e9v\u00e8nements, sous un angle d\u2019analyse int\u00e9ressant.<\/strong><\/p>\n<p><a href=\"https:\/\/www.ecranlarge.com\/content\/uploads\/2025\/03\/4027b8a5-553a-4290-a079-0c3afa8985fa.jpg\" target=\"_blank\" rel=\"noopener\"><\/p>\n<p><img loading=\"lazy\" decoding=\"async\" alt=\"Carrie-Anne Moss the acolyte\" src=\"https:\/\/www.europesays.com\/fr\/wp-content\/uploads\/2025\/11\/4027b8a5-553a-4290-a079-0c3afa8985fa-1260x709.jpg\" width=\"1260\" height=\"709\"  \/><\/p>\n<p><\/a>Quand t\u2019as plus les codes de la MatriceAVEC DES ACOLYTES COMME \u00c7A, PAS BESOIN D\u2019ENNEMIS <\/p>\n<p>Interview\u00e9e par The Wrap pour parler de sa soci\u00e9t\u00e9 Shoot to Midnight, qui vise \u00e0 \u00ab mettre en avant des voix f\u00e9minines sous-estim\u00e9es \u00bb, la cin\u00e9aste et showrunneuse est revenue sur la r\u00e9ception puis l\u2019annulation de <strong>The Acolyte<\/strong> :<\/p>\n<blockquote class=\"wp-block-quote is-layout-flow wp-block-quote-is-layout-flow\">\n<p><strong>\u00ab\u00a0L\u2019annulation ne m\u2019a pas surprise. Ce qui m\u2019a surprise, c\u2019est sa rapidit\u00e9 et sa m\u00e9diatisation, la fa\u00e7on dont cela a \u00e9t\u00e9 g\u00e9r\u00e9. Mais quand j\u2019ai commenc\u00e9 \u00e0 recevoir des appels concernant les r\u00e9actions, les critiques et les audiences, je me suis dit\u00a0: \u201cC\u2019est clair, c\u2019est fini.\u201d\u00a0\u00bb<\/strong><\/p>\n<\/blockquote>\n<p>Bien que \u00ab toujours fan de Star Wars \u00bb et fi\u00e8re de sa s\u00e9rie, la r\u00e9alisatrice semble donc \u00eatre pass\u00e9e \u00e0 autre chose. R\u00e9trospectivement, c\u2019est surtout un aspect bien particulier de la r\u00e9ception de <strong>The Acolyte<\/strong> qu\u2019elle retient : <\/p>\n<blockquote class=\"wp-block-quote is-layout-flow wp-block-quote-is-layout-flow\">\n<p><strong>\u00ab Le contenu diffus\u00e9 par les plateformes ou les studios est imm\u00e9diatement repris par d\u2019autres cr\u00e9ateurs sur Internet. Du coup, les commentaires, les synopsis, les vid\u00e9os en direct, bref, tous les moyens qu\u2019ils utilisent pour gagner de l\u2019argent \u2013 \u200b\u200bgr\u00e2ce aux revenus publicitaires et \u00e0 leurs abonnements Patreon \u2013 repr\u00e9sentent un v\u00e9ritable filon.<\/strong><\/p>\n<p><strong>L\u2019important n\u2019est pas tant que ces fans soient toxiques ou que ce syst\u00e8me ait \u00e9t\u00e9 injuste envers moi. Je me suis plut\u00f4t dit que le contenu cr\u00e9\u00e9 autour de Star Wars aura finalement un impact culturel plus important que Star Wars lui-m\u00eame. Je crois que nous nous dirigeons vers cette direction. Ces licences continueront \u00e0 g\u00e9n\u00e9rer des revenus, mais je ne sais pas dans quelle mesure elles influenceront la prochaine g\u00e9n\u00e9ration autant que le contenu cr\u00e9\u00e9 autour de ces \u00e9v\u00e9nements, les films et les s\u00e9ries t\u00e9l\u00e9vis\u00e9es d\u00e9riv\u00e9s. \u00bb<\/strong><\/p>\n<\/blockquote>\n<p><a href=\"https:\/\/www.ecranlarge.com\/content\/uploads\/2025\/03\/the-acolyte-3-053020241-94db8a13f4044191b2d2ad217956ae7e.jpg\" target=\"_blank\" rel=\"noopener\"><\/p>\n<p><img loading=\"lazy\" decoding=\"async\" alt=\"Carrie-Anne Moss the acolyte\" src=\"https:\/\/www.europesays.com\/fr\/wp-content\/uploads\/2025\/11\/the-acolyte-3-053020241-94db8a13f4044191b2d2ad217956ae7e-1260x840.jpg\" width=\"1260\" height=\"840\"  \/><\/p>\n<p><\/a>Les fans qui sortent les muscles pour arr\u00eater The Acolyte<\/p>\n<p>Ces cr\u00e9ateurs de contenus sur YouTube ou Twitch, que Headland suivait parfois depuis des ann\u00e9es, la r\u00e9alisatrice pense que Hollywood les comprend mal. Pour elle, le futur nerf de la guerre de franchises comme <strong>Star Wars<\/strong> est l\u00e0 :<\/p>\n<blockquote class=\"wp-block-quote is-layout-flow wp-block-quote-is-layout-flow\">\n<p><strong>\u00ab C\u2019est un mod\u00e8le \u00e9conomique viable, et non pas une simple affaire de personnes malveillantes. L\u2019enjeu financier est bien plus important que ce que l\u2019on imagine, et en tant que spectatrice assidue de ces cha\u00eenes, je peux vous dire que certaines de ces productions sont probablement les seules auxquelles la jeune g\u00e9n\u00e9ration a acc\u00e8s. \u00bb<\/strong><\/p>\n<\/blockquote>\n<p>Pour <strong>Leslye Headland<\/strong>, l\u2019enjeu est donc de taille. Ces changements dans la mani\u00e8re de consommer et de partager une \u0153uvre remettent presque en question la mani\u00e8re actuelle de cr\u00e9er et de vendre des contenus hyper-populaires, car <strong>\u00ab ces discours autour des \u0153uvres auront au final peut-\u00eatre plus d\u2019impact culturel que les \u0153uvres elles-m\u00eames \u00bb<\/strong>.<\/p>\n<p><a href=\"https:\/\/www.ecranlarge.com\/content\/uploads\/2024\/12\/c3569ea4-e02b-4205-85c1-29ee7a01.jpg\" target=\"_blank\" rel=\"noopener\"><\/p>\n<p><img loading=\"lazy\" decoding=\"async\" alt=\"Lee Jung-jae dans The Acolyte\" src=\"https:\/\/www.europesays.com\/fr\/wp-content\/uploads\/2025\/11\/c3569ea4-e02b-4205-85c1-29ee7a01-630x420.jpg\" width=\"630\" height=\"420\"  \/><\/p>\n<p><\/a>Lee Jung-jae a trouv\u00e9 un nouvel accessoire pour gagner \u00e0 Squid Game<\/p>\n<p>Une question en effet passionnante. On a en tout cas h\u00e2te de voir si et comment Disney+ prendra cela en compte pour ses futurs projets, <strong>Star Wars<\/strong> ou autres. <strong>Quant \u00e0 Leslye Headland, sa derni\u00e8re actualit\u00e9 est Dying for Sex, avec Michelle Williams, sur laquelle elle a travaill\u00e9 en tant que productrice<\/strong>. La s\u00e9rie est sortie en France sur Disney+ en avril 2025.<\/p>\n","protected":false},"excerpt":{"rendered":"Un an apr\u00e8s l\u2019annulation de la s\u00e9rie The Acolyte par Disney+, la cr\u00e9atrice Leslye Headland revient sur la&hellip;\n","protected":false},"author":2,"featured_media":556423,"comment_status":"","ping_status":"","sticky":false,"template":"","format":"standard","meta":{"footnotes":""},"categories":[1354],"tags":[58,59,1346,1011,27,1360],"class_list":{"0":"post-556422","1":"post","2":"type-post","3":"status-publish","4":"format-standard","5":"has-post-thumbnail","7":"category-films","8":"tag-divertissement","9":"tag-entertainment","10":"tag-films","11":"tag-fr","12":"tag-france","13":"tag-movies"},"share_on_mastodon":{"url":"https:\/\/pubeurope.com\/@fr\/115607332955019457","error":""},"_links":{"self":[{"href":"https:\/\/www.europesays.com\/fr\/wp-json\/wp\/v2\/posts\/556422","targetHints":{"allow":["GET"]}}],"collection":[{"href":"https:\/\/www.europesays.com\/fr\/wp-json\/wp\/v2\/posts"}],"about":[{"href":"https:\/\/www.europesays.com\/fr\/wp-json\/wp\/v2\/types\/post"}],"author":[{"embeddable":true,"href":"https:\/\/www.europesays.com\/fr\/wp-json\/wp\/v2\/users\/2"}],"replies":[{"embeddable":true,"href":"https:\/\/www.europesays.com\/fr\/wp-json\/wp\/v2\/comments?post=556422"}],"version-history":[{"count":0,"href":"https:\/\/www.europesays.com\/fr\/wp-json\/wp\/v2\/posts\/556422\/revisions"}],"wp:featuredmedia":[{"embeddable":true,"href":"https:\/\/www.europesays.com\/fr\/wp-json\/wp\/v2\/media\/556423"}],"wp:attachment":[{"href":"https:\/\/www.europesays.com\/fr\/wp-json\/wp\/v2\/media?parent=556422"}],"wp:term":[{"taxonomy":"category","embeddable":true,"href":"https:\/\/www.europesays.com\/fr\/wp-json\/wp\/v2\/categories?post=556422"},{"taxonomy":"post_tag","embeddable":true,"href":"https:\/\/www.europesays.com\/fr\/wp-json\/wp\/v2\/tags?post=556422"}],"curies":[{"name":"wp","href":"https:\/\/api.w.org\/{rel}","templated":true}]}}