{"id":556432,"date":"2025-11-24T23:53:13","date_gmt":"2025-11-24T23:53:13","guid":{"rendered":"https:\/\/www.europesays.com\/fr\/556432\/"},"modified":"2025-11-24T23:53:13","modified_gmt":"2025-11-24T23:53:13","slug":"larcom-demande-le-blocage-du-site-watchpeopledie-aux-contenus-ultraviolents","status":"publish","type":"post","link":"https:\/\/www.europesays.com\/fr\/556432\/","title":{"rendered":"L\u2019Arcom demande le blocage du site \u00ab\u00a0WatchPeopleDie\u00a0\u00bb, aux contenus ultraviolents"},"content":{"rendered":"<p>        <img decoding=\"async\" loading=\"lazy\" src=\"https:\/\/www.europesays.com\/fr\/wp-content\/uploads\/2025\/11\/fb381e8_1711531990927-000-1fc2rh.jpg\"  width=\"728\" height=\"409\" alt=\"L\u2019Arcom a demand\u00e9 le blocage d\u2019un site am\u00e9ricain diffusant du contenu violent et gore. (photo d\u2019illustration)\"\/>  <\/p>\n<p>ISSOUF SANOGO \/ AFP<\/p>\n<p>L\u2019Arcom a demand\u00e9 le blocage d\u2019un site am\u00e9ricain diffusant du contenu violent et gore. (photo d\u2019illustration)<\/p>\n<p class=\"asset asset-text\">C\u2019est l\u2019un des sites les plus gores d\u2019Internet. Le r\u00e9gulateur du num\u00e9rique a demand\u00e9 le blocage du site am\u00e9ricain WatchPeopleDie, \u00ab\u00a0enti\u00e8rement d\u00e9di\u00e9 \u00e0 la diffusion de contenus illicites, violents et portant atteinte \u00e0 la dignit\u00e9 humaine\u00a0\u00bb, a-t-il indiqu\u00e9 ce lundi 24\u00a0novembre \u00e0 l\u2019AFP, confirmant <a href=\"https:\/\/www.linforme.com\/tech-telecom\/article\/l-arcom-demande-le-blocage-du-site-gore-watchpeopledie-tv_3428.html\" target=\"_blank\" rel=\"noopener\" title=\"Nouvelle fen\u00eatre\">une information du m\u00e9dia L\u2019Inform\u00e9<\/a>.<\/p>\n<p class=\"asset asset-text\">L\u2019Arcom a assign\u00e9 devant le tribunal judiciaire de Paris six fournisseurs d\u2019acc\u00e8s \u00e0 internet (Orange, Free, Free Mobile, SFR, SFR Fibre et Bouygues T\u00e9l\u00e9com) \u00ab\u00a0afin qu\u2019ils prennent toutes mesures permettant d\u2019interdire de mani\u00e8re effective l\u2019acc\u00e8s du site en cause depuis le territoire fran\u00e7ais dans un d\u00e9lai de 7 jours sous astreinte de 1\u00a0000\u00a0euros par jour de retard\u00a0\u00bb, a-t-il d\u00e9taill\u00e9.<\/p>\n<p class=\"asset asset-text\">\u00ab\u00a0Cette mesure fait notamment suite \u00e0 des demandes de retrait de trois vid\u00e9os montrant des actes de torture et de barbarie, demandes \u00e9mises par l\u2019Office anti-criminalit\u00e9 (OFAC) et rest\u00e9es sans r\u00e9ponse\u00a0\u00bb, a \u00e9galement pr\u00e9cis\u00e9 le r\u00e9gulateur.<\/p>\n<p class=\"asset asset-text\">Dans le collimateur de l\u2019autorit\u00e9 ind\u00e9pendante depuis plusieurs mois, le site internet WatchPeopleDie est connu pour h\u00e9berger des vid\u00e9os tr\u00e8s violentes comme des accidents mortels, des homicides ou des sc\u00e8nes de guerre.<\/p>\n<p class=\"asset asset-text\">Sur sa page d\u2019accueil, il revendique plus de 4,4\u00a0millions d\u2019utilisateurs inscrits dans le monde.<\/p>\n<p>    \u00ab\u00a0Ce site n\u2019a pas sa place en France\u00a0\u00bb    <\/p>\n<p class=\"asset asset-text\">\u00ab\u00a0Ce site n\u2019a pas sa place en France et je condamne les d\u00e9rives graves dont il s\u2019est rendu coupable\u00a0\u00bb, a r\u00e9agi aupr\u00e8s de l\u2019AFP la ministre d\u00e9l\u00e9gu\u00e9e au Num\u00e9rique Anne Le H\u00e9nanff, qui s\u2019est f\u00e9licit\u00e9e de cette demande de blocage.<\/p>\n<p class=\"asset asset-text\">Interrog\u00e9s par l\u2019AFP sur cette proc\u00e9dure, Free n\u2019a pas souhait\u00e9 faire de commentaire, tandis que SFR a renvoy\u00e9 vers la F\u00e9d\u00e9ration fran\u00e7aise des t\u00e9l\u00e9coms. Orange et Bouygues T\u00e9l\u00e9com n\u2019avaient pas r\u00e9pondu dans l\u2019imm\u00e9diat.<\/p>\n<p class=\"asset asset-text\">L\u2019Arcom indique baser son action sur le fondement de l\u2019article\u00a06-3 de la loi pour la confiance dans l\u2019\u00e9conomie num\u00e9rique (LCEN), qui permet \u00e0 la justice de faire cesser un dommage occasionn\u00e9 par la diffusion en ligne d\u2019un contenu, ou d\u2019imposer que des mesures soient prises pour pr\u00e9venir ce dommage.<\/p>\n<p class=\"asset asset-text\">C\u2019est sur ce m\u00eame texte que l\u2019ancienne ministre du Num\u00e9rique Clara Chappaz avait attaqu\u00e9 en justice en ao\u00fbt <a href=\"https:\/\/www.huffingtonpost.fr\/tech-futurs\/article\/mort-du-streamer-jean-pormanove-pourquoi-la-reponse-de-la-plateforme-kick-est-tres-critiquee_253785.html\" target=\"_blank\" rel=\"noopener\">la plateforme de diffusion en direct Kick<\/a>, apr\u00e8s que la plateforme a diffus\u00e9 <a href=\"https:\/\/www.huffingtonpost.fr\/culture\/article\/mort-du-streamer-jean-pormanove-l-alerte-de-sarah-el-hairy-la-haute-commissaire-a-l-enfance_253738.html\" target=\"_blank\" rel=\"noopener\">des sc\u00e8nes de maltraitance du streamer fran\u00e7ais Jean Pormanove<\/a>, jusqu\u2019\u00e0 sa mort.<\/p>\n<p class=\"asset asset-text\">Une audience est d\u2019ailleurs pr\u00e9vue ce mercredi matin dans le cadre de cette proc\u00e9dure au Tribunal judiciaire de Paris.<\/p>\n","protected":false},"excerpt":{"rendered":"ISSOUF SANOGO \/ AFP L\u2019Arcom a demand\u00e9 le blocage d\u2019un site am\u00e9ricain diffusant du contenu violent et gore.&hellip;\n","protected":false},"author":2,"featured_media":556433,"comment_status":"","ping_status":"","sticky":false,"template":"","format":"standard","meta":{"footnotes":""},"categories":[6],"tags":[4690,35,33,34,43894,1011,27,310,4125],"class_list":{"0":"post-556432","1":"post","2":"type-post","3":"status-publish","4":"format-standard","5":"has-post-thumbnail","7":"category-economie","8":"tag-arcom","9":"tag-business","10":"tag-economie","11":"tag-economy","12":"tag-fai","13":"tag-fr","14":"tag-france","15":"tag-internet","16":"tag-numerique"},"share_on_mastodon":{"url":"https:\/\/pubeurope.com\/@fr\/115607373434987290","error":""},"_links":{"self":[{"href":"https:\/\/www.europesays.com\/fr\/wp-json\/wp\/v2\/posts\/556432","targetHints":{"allow":["GET"]}}],"collection":[{"href":"https:\/\/www.europesays.com\/fr\/wp-json\/wp\/v2\/posts"}],"about":[{"href":"https:\/\/www.europesays.com\/fr\/wp-json\/wp\/v2\/types\/post"}],"author":[{"embeddable":true,"href":"https:\/\/www.europesays.com\/fr\/wp-json\/wp\/v2\/users\/2"}],"replies":[{"embeddable":true,"href":"https:\/\/www.europesays.com\/fr\/wp-json\/wp\/v2\/comments?post=556432"}],"version-history":[{"count":0,"href":"https:\/\/www.europesays.com\/fr\/wp-json\/wp\/v2\/posts\/556432\/revisions"}],"wp:featuredmedia":[{"embeddable":true,"href":"https:\/\/www.europesays.com\/fr\/wp-json\/wp\/v2\/media\/556433"}],"wp:attachment":[{"href":"https:\/\/www.europesays.com\/fr\/wp-json\/wp\/v2\/media?parent=556432"}],"wp:term":[{"taxonomy":"category","embeddable":true,"href":"https:\/\/www.europesays.com\/fr\/wp-json\/wp\/v2\/categories?post=556432"},{"taxonomy":"post_tag","embeddable":true,"href":"https:\/\/www.europesays.com\/fr\/wp-json\/wp\/v2\/tags?post=556432"}],"curies":[{"name":"wp","href":"https:\/\/api.w.org\/{rel}","templated":true}]}}