{"id":556434,"date":"2025-11-24T23:54:21","date_gmt":"2025-11-24T23:54:21","guid":{"rendered":"https:\/\/www.europesays.com\/fr\/556434\/"},"modified":"2025-11-24T23:54:21","modified_gmt":"2025-11-24T23:54:21","slug":"a-la-veille-de-son-voyage-en-turquie-le-projet-de-leon-xiv-pour-retisser-lunite-des-chretiens","status":"publish","type":"post","link":"https:\/\/www.europesays.com\/fr\/556434\/","title":{"rendered":"\u00c0 la veille de son voyage en Turquie, le projet de L\u00e9on\u00a0XIV pour retisser l\u2019unit\u00e9 des chr\u00e9tiens"},"content":{"rendered":"<p>Dans une longue lettre apostolique publi\u00e9e le 23\u00a0novembre, en amont de la comm\u00e9moration \u0153cum\u00e9nique des 1\u00a0700\u00a0ans du concile de Nic\u00e9e \u00e0 Iznik (Turquie), vendredi 28\u00a0novembre, L\u00e9on\u00a0XIV ravive la m\u00e9moire du premier concile \u0153cum\u00e9nique. Dans ce texte intitul\u00e9\u00a0In unitate fidei (Dans l\u2019unit\u00e9 de la foi), il rappelle que les d\u00e9finitions dogmatiques qui structurent encore aujourd\u2019hui la foi chr\u00e9tienne sont n\u00e9es de crises internes et de controverses th\u00e9ologiques. Un rappel important, \u00e0 l\u2019approche d\u2019un rassemblement o\u00f9 tous les chr\u00e9tiens ne seront pas repr\u00e9sent\u00e9s.<\/p>\n<p>Cet article est r\u00e9serv\u00e9 aux abonn\u00e9s<\/p>\n<p>\n                    Vous souhaitez lire la suite\u00a0? Abonnez-vous sans engagement \u00e0 notre offre num\u00e9rique\n                <\/p>\n<p>                <a href=\"https:\/\/www.la-croix.com\/abonnement\" class=\"default-paywall__subscribe-button\" data-tracking=\"cta_click\" data-tracking-action=\"voir la page abonnement\" data-tracking-category=\"abonnement\" target=\"_blank\" rel=\"noopener\">Je m&rsquo;abonne<\/a><\/p>\n","protected":false},"excerpt":{"rendered":"Dans une longue lettre apostolique publi\u00e9e le 23\u00a0novembre, en amont de la comm\u00e9moration \u0153cum\u00e9nique des 1\u00a0700\u00a0ans du concile&hellip;\n","protected":false},"author":2,"featured_media":556435,"comment_status":"","ping_status":"","sticky":false,"template":"","format":"standard","meta":{"footnotes":""},"categories":[5],"tags":[11,1011,27,14,12,28],"class_list":{"0":"post-556434","1":"post","2":"type-post","3":"status-publish","4":"format-standard","5":"has-post-thumbnail","7":"category-international","8":"tag-actualites","9":"tag-fr","10":"tag-france","11":"tag-international","12":"tag-news","13":"tag-world"},"share_on_mastodon":{"url":"https:\/\/pubeurope.com\/@fr\/115607377201709310","error":""},"_links":{"self":[{"href":"https:\/\/www.europesays.com\/fr\/wp-json\/wp\/v2\/posts\/556434","targetHints":{"allow":["GET"]}}],"collection":[{"href":"https:\/\/www.europesays.com\/fr\/wp-json\/wp\/v2\/posts"}],"about":[{"href":"https:\/\/www.europesays.com\/fr\/wp-json\/wp\/v2\/types\/post"}],"author":[{"embeddable":true,"href":"https:\/\/www.europesays.com\/fr\/wp-json\/wp\/v2\/users\/2"}],"replies":[{"embeddable":true,"href":"https:\/\/www.europesays.com\/fr\/wp-json\/wp\/v2\/comments?post=556434"}],"version-history":[{"count":0,"href":"https:\/\/www.europesays.com\/fr\/wp-json\/wp\/v2\/posts\/556434\/revisions"}],"wp:featuredmedia":[{"embeddable":true,"href":"https:\/\/www.europesays.com\/fr\/wp-json\/wp\/v2\/media\/556435"}],"wp:attachment":[{"href":"https:\/\/www.europesays.com\/fr\/wp-json\/wp\/v2\/media?parent=556434"}],"wp:term":[{"taxonomy":"category","embeddable":true,"href":"https:\/\/www.europesays.com\/fr\/wp-json\/wp\/v2\/categories?post=556434"},{"taxonomy":"post_tag","embeddable":true,"href":"https:\/\/www.europesays.com\/fr\/wp-json\/wp\/v2\/tags?post=556434"}],"curies":[{"name":"wp","href":"https:\/\/api.w.org\/{rel}","templated":true}]}}