{"id":556436,"date":"2025-11-24T23:55:21","date_gmt":"2025-11-24T23:55:21","guid":{"rendered":"https:\/\/www.europesays.com\/fr\/556436\/"},"modified":"2025-11-24T23:55:21","modified_gmt":"2025-11-24T23:55:21","slug":"a-la-campagne-le-fleau-silencieux-des-violences-conjugales","status":"publish","type":"post","link":"https:\/\/www.europesays.com\/fr\/556436\/","title":{"rendered":"\u00e0 la campagne, le fl\u00e9au silencieux des violences conjugales"},"content":{"rendered":"<p>\n    <strong>R\u00c9CIT &#8211;<\/strong> Une m\u00e8re de l\u2019Essonne raconte son parcours du combattant pour fuir son conjoint violent. Plus de 50\u00a0% des f\u00e9minicides ont lieu en milieu rural alors que seule 30\u00a0% de la population y vit, interpelle la F\u00e9d\u00e9ration nationale Solidarit\u00e9 Femmes.<\/p>\n<p class=\"fig-paragraph\">\u00ab\u00a0Il a \u00e9loign\u00e9 ma famille. Il a d\u00e9nigr\u00e9 mes amis. Il a tout fait pour m\u2019isoler. Sa logique \u201cterritoriale\u201d m\u2019a enferm\u00e9e dans\u00a0<a href=\"http:\/\/www.lefigaro.fr\/actualite-france\/violences-faites-aux-femmes-une-victime-toutes-les-sept-heures-en-france-20251124\" data-fig-type=\"Article\" data-gtm-custom-categorie=\"navigation\" data-gtm-custom-action=\"crossclick\" data-gtm-custom-label=\"Contextuel\" data-gtm-event=\"customEventSPE\" data-fig-domain=\"LEFIGARO\" target=\"_blank\" rel=\"noopener\">un cycle de violences<\/a> . Vous savez que vous n\u2019\u00eates pas folle, comme votre conjoint aime \u00e0 le sous-entendre pour vous discr\u00e9diter. Vous savez ce que vous vivez une fois la porte de la maison ferm\u00e9e, mais il n\u2019y a personne pour vous croire.\u00a0\u00bb \u00c0 44\u00a0ans, Charlotte, habitante d\u2019une petite commune de l\u2019Essonne, a mis plusieurs ann\u00e9es \u00e0 quitter son conjoint violent, enferm\u00e9e dans un huit-clos oppressant au sein d\u2019une petite ville o\u00f9 tous les voisins se connaissaient avant son arriv\u00e9e.<\/p>\n<p class=\"fig-paragraph\">Plus de 50\u00a0% des f\u00e9minicides ont lieu en milieu rural alors que seule 30\u00a0% de la population y vit, interpelle la F\u00e9d\u00e9ration nationale Solidarit\u00e9 Femmes (FNSF). \u00c0 l\u2019occasion de la Journ\u00e9e internationale de lutte contre les violences faites aux femmes, ce mardi 25\u00a0novembre, la f\u00e9d\u00e9ration, qui g\u00e8re la\u00a0<a href=\"http:\/\/www.lefigaro.fr\/actualite-france\/violences-faites-aux-femmes-le-3919-a-connu-une-annee-record-20250307\" data-fig-type=\"NewsFlash\" data-gtm-custom-categorie=\"navigation\" data-gtm-custom-action=\"crossclick\" data-gtm-custom-label=\"Contextuel\" data-gtm-event=\"customEventSPE\" data-fig-domain=\"LEFIGARO\" target=\"_blank\" rel=\"noopener\">plateforme d\u2019\u00e9coute nationale 3919<\/a>, appelle le l\u00e9gislateur et les \u00e9lus locaux \u00e0 prendre des\u2026<\/p>\n<p class=\"fig-premium-paywall__infos\">\n        Cet article est r\u00e9serv\u00e9 aux abonn\u00e9s.        Il vous reste 86% \u00e0 d\u00e9couvrir.\n    <\/p>\n<p>                <img  data- alt=\"Le Figaro\" class=\"fig-img--complete fig-img\"\/><\/p>\n<p class=\"fig-premium-paywall__title\">Black Friday<\/p>\n<p class=\"fig-premium-paywall__subtitle\">-70% sur l&rsquo;abonnement num\u00e9rique<\/p>\n<p class=\"fig-premium-paywall__connect\">\n                D\u00e9j\u00e0 abonn\u00e9\u00a0?                <a class=\"fig-premium-paywall__connect-link\" href=\"https:\/\/connect.lefigaro.fr\/login?client=horizon_web&amp;type=main&amp;redirect_uri=https%3A%2F%2Fwww.lefigaro.fr%2Factualite-france%2Fvous-savez-que-vous-n-etes-pas-folle-mais-il-n-y-a-personne-pour-vous-croire-a-la-campagne-le-fleau-silencieux-des-violences-conjugales-20251124\" data-js-gtm=\"{&quot;customCategorie&quot;: &quot;conversion&quot;, &quot;customAction&quot;: &quot;before_Landing_Connexion_paywall_auto&quot;, &quot;customLabel&quot;: &quot;bGVmaWdhcm8uZnJfXzFmMGM5MjkyLWQ1YTYtNmUzNC05YjU3LWE5ZjlmZWRiMjM1Yl9fQXJ0aWNsZQ==_\u00abVous savez que vous n\u2019\u00eates pas folle, mais il n\u2019y a personne pour vous croire\u00bb\u00a0: \u00e0 la campagne, le fl\u00e9au silencieux des violences conjugales_389&quot;, &quot;customIDSPE&quot;: &quot;bGVmaWdhcm8uZnJfXzFmMGM5MjkyLWQ1YTYtNmUzNC05YjU3LWE5ZjlmZWRiMjM1Yl9fQXJ0aWNsZQ==&quot;, &quot;event&quot;: &quot;customEventSPE&quot;}\" target=\"_blank\" rel=\"noopener\"><br \/>\n                    Connectez-vous<br \/>\n                <\/a>\n            <\/p>\n","protected":false},"excerpt":{"rendered":"R\u00c9CIT &#8211; Une m\u00e8re de l\u2019Essonne raconte son parcours du combattant pour fuir son conjoint violent. Plus de&hellip;\n","protected":false},"author":2,"featured_media":556437,"comment_status":"","ping_status":"","sticky":false,"template":"","format":"standard","meta":{"footnotes":""},"categories":[4],"tags":[11,21957,1011,27,12,25,29903,798],"class_list":{"0":"post-556436","1":"post","2":"type-post","3":"status-publish","4":"format-standard","5":"has-post-thumbnail","7":"category-france","8":"tag-actualites","9":"tag-feminicides","10":"tag-fr","11":"tag-france","12":"tag-news","13":"tag-republique-francaise","14":"tag-ruralite","15":"tag-violences-conjugales"},"share_on_mastodon":{"url":"https:\/\/pubeurope.com\/@fr\/115607380637619323","error":""},"_links":{"self":[{"href":"https:\/\/www.europesays.com\/fr\/wp-json\/wp\/v2\/posts\/556436","targetHints":{"allow":["GET"]}}],"collection":[{"href":"https:\/\/www.europesays.com\/fr\/wp-json\/wp\/v2\/posts"}],"about":[{"href":"https:\/\/www.europesays.com\/fr\/wp-json\/wp\/v2\/types\/post"}],"author":[{"embeddable":true,"href":"https:\/\/www.europesays.com\/fr\/wp-json\/wp\/v2\/users\/2"}],"replies":[{"embeddable":true,"href":"https:\/\/www.europesays.com\/fr\/wp-json\/wp\/v2\/comments?post=556436"}],"version-history":[{"count":0,"href":"https:\/\/www.europesays.com\/fr\/wp-json\/wp\/v2\/posts\/556436\/revisions"}],"wp:featuredmedia":[{"embeddable":true,"href":"https:\/\/www.europesays.com\/fr\/wp-json\/wp\/v2\/media\/556437"}],"wp:attachment":[{"href":"https:\/\/www.europesays.com\/fr\/wp-json\/wp\/v2\/media?parent=556436"}],"wp:term":[{"taxonomy":"category","embeddable":true,"href":"https:\/\/www.europesays.com\/fr\/wp-json\/wp\/v2\/categories?post=556436"},{"taxonomy":"post_tag","embeddable":true,"href":"https:\/\/www.europesays.com\/fr\/wp-json\/wp\/v2\/tags?post=556436"}],"curies":[{"name":"wp","href":"https:\/\/api.w.org\/{rel}","templated":true}]}}