{"id":556438,"date":"2025-11-24T23:57:16","date_gmt":"2025-11-24T23:57:16","guid":{"rendered":"https:\/\/www.europesays.com\/fr\/556438\/"},"modified":"2025-11-24T23:57:16","modified_gmt":"2025-11-24T23:57:16","slug":"le-senat-approuve-la-creation-dun-nouveau-conge-de-naissance-au-1er-janvier-2027","status":"publish","type":"post","link":"https:\/\/www.europesays.com\/fr\/556438\/","title":{"rendered":"Le S\u00e9nat approuve la cr\u00e9ation d&rsquo;un nouveau cong\u00e9 de naissance au 1er janvier 2027"},"content":{"rendered":"\n<p class=\"c-chapo \">\n  Annonc\u00e9 en janvier 2024 par Emmanuel Macron en vue d&rsquo;un \u00ab\u00a0r\u00e9armement d\u00e9mographique\u00a0\u00bb face \u00e0 la baisse de la natalit\u00e9, ce cong\u00e9 pourra \u00eatre pris par chaque parent simultan\u00e9ment ou en alternance avec l&rsquo;autre.\n<\/p>\n<p>      lire plus tard<\/p>\n<p id=\"dialog__title\" class=\"dialog__title\">Pour sauvegarder cet article, connectez-vous ou cr\u00e9ez un compte franceinfo<\/p>\n<p class=\"dialog__description\">Sans paiement. Sans abonnement.<\/p>\n<p>        Fermer la fen\u00eatre d\u2019activation des notifications France Info<\/p>\n<p>      cr\u00e9er votre compte<\/p>\n<p>      se connecter<\/p>\n<p>        Fermer la fen\u00eatre de pr\u00e9sentation<\/p>\n<p>    <img loading=\"lazy\" decoding=\"async\" class=\"signature__image lazyload\" width=\"100\" height=\"100\" data- alt=\"\" src=\"https:\/\/www.europesays.com\/fr\/wp-content\/uploads\/2025\/05\/64a68815cd1a7_placeholder-36b69ec8.png\"\/><\/p>\n<p>    Publi\u00e9 le 24\/11\/2025 22:59<\/p>\n<p>        Temps de lecture : 1min<\/p>\n<p>    <img decoding=\"async\"  alt=\"Ce nouveau cong\u00e9 ne remplacera pas le cong\u00e9 parental, pouvant \u00eatre pris jusqu'aux trois ans de l'enfant et qui permet de toucher environ 400 euros par mois. (ASTIER \/ BSIP VIA AFP)\" width=\"432\" height=\"243\" src=\"https:\/\/www.europesays.com\/fr\/wp-content\/uploads\/2025\/11\/069-bsip-016764-136-6924d4fbae029326039200.jpg\" fetchpriority=\"high\"\/><\/p>\n<p>      Ce nouveau cong\u00e9 ne remplacera pas le cong\u00e9 parental, pouvant \u00eatre pris jusqu&rsquo;aux trois ans de l&rsquo;enfant et qui permet de toucher environ 400 euros par mois. (ASTIER \/ BSIP VIA AFP)<\/p>\n<p>Le S\u00e9nat a approuv\u00e9, lundi 24 novembre, la cr\u00e9ation d&rsquo;<a href=\"https:\/\/www.franceinfo.fr\/politique\/parlement-francais\/assemblee-nationale\/conge-de-naissance-deux-mois-supplementaires-pour-les-parents_7613897.html\" target=\"_blank\" rel=\"noopener\">un nouveau cong\u00e9 de naissance<\/a>, permettant aux parents de prendre jusqu&rsquo;\u00e0 deux mois suppl\u00e9mentaires chacun pour accueillir leur enfant \u00e0 partir du 1er janvier 2027. Ce cong\u00e9 suppl\u00e9mentaire, qui s&rsquo;ajouterait aux cong\u00e9s maternit\u00e9 et paternit\u00e9 existants, est l&rsquo;une des mesures du projet de <a href=\"https:\/\/www.franceinfo.fr\/economie\/budget\/ou-en-sont-le-budget-de-l-etat-et-celui-de-la-securite-sociale-pour-2026-suivez-les-etapes-des-debats-a-l-assemblee-nationale-et-au-senat_7629017.html\" target=\"_blank\" rel=\"noopener\">budget de la S\u00e9curit\u00e9 sociale pour 2026<\/a>.<\/p>\n<p>La date d&rsquo;entr\u00e9e en vigueur fait d\u00e9bat, le texte initial pr\u00e9voyait une entr\u00e9e en vigueur pour les enfants n\u00e9s ou adopt\u00e9s \u00e0 partir de juillet 2027. Les d\u00e9put\u00e9s ont vot\u00e9 pour avancer la date au 1er janvier 2026. Les s\u00e9nateurs ont vot\u00e9 pour retarder cette date au 1er janvier 2027.<\/p>\n<p>Annonc\u00e9 en janvier 2024 par Emmanuel Macron en vue d&rsquo;un \u00ab\u00a0r\u00e9armement d\u00e9mographique\u00a0\u00bb face \u00e0 la baisse de la natalit\u00e9, ce cong\u00e9 pourra \u00eatre pris par chaque parent simultan\u00e9ment ou en alternance avec l&rsquo;autre.<\/p>\n<p>Les s\u00e9nateurs sont revenus sur une disposition introduite par les d\u00e9put\u00e9s qui pr\u00e9voyait qu&rsquo;au moins un mois du cong\u00e9 ne soit pas pris simultan\u00e9ment par les deux parents, avec notamment l&rsquo;ambition d&rsquo;une meilleure r\u00e9partition des t\u00e2ches, pour que le p\u00e8re ou l&rsquo;autre passe du temps seul avec l&rsquo;enfant. Ils ont \u00e9galement vot\u00e9 pour que ce cong\u00e9 ne puisse \u00eatre fractionnable.<\/p>\n<p>Ce nouveau cong\u00e9 ne remplacera pas le cong\u00e9 parental, pouvant \u00eatre pris jusqu&rsquo;aux trois ans de l&rsquo;enfant et qui permet de toucher environ 400 euros par mois.<\/p>\n","protected":false},"excerpt":{"rendered":"Annonc\u00e9 en janvier 2024 par Emmanuel Macron en vue d&rsquo;un \u00ab\u00a0r\u00e9armement d\u00e9mographique\u00a0\u00bb face \u00e0 la baisse de la&hellip;\n","protected":false},"author":2,"featured_media":556439,"comment_status":"","ping_status":"","sticky":false,"template":"","format":"standard","meta":{"footnotes":""},"categories":[2],"tags":[11,1011,27,12],"class_list":{"0":"post-556438","1":"post","2":"type-post","3":"status-publish","4":"format-standard","5":"has-post-thumbnail","7":"category-actualites","8":"tag-actualites","9":"tag-fr","10":"tag-france","11":"tag-news"},"share_on_mastodon":{"url":"https:\/\/pubeurope.com\/@fr\/115607388885646901","error":""},"_links":{"self":[{"href":"https:\/\/www.europesays.com\/fr\/wp-json\/wp\/v2\/posts\/556438","targetHints":{"allow":["GET"]}}],"collection":[{"href":"https:\/\/www.europesays.com\/fr\/wp-json\/wp\/v2\/posts"}],"about":[{"href":"https:\/\/www.europesays.com\/fr\/wp-json\/wp\/v2\/types\/post"}],"author":[{"embeddable":true,"href":"https:\/\/www.europesays.com\/fr\/wp-json\/wp\/v2\/users\/2"}],"replies":[{"embeddable":true,"href":"https:\/\/www.europesays.com\/fr\/wp-json\/wp\/v2\/comments?post=556438"}],"version-history":[{"count":0,"href":"https:\/\/www.europesays.com\/fr\/wp-json\/wp\/v2\/posts\/556438\/revisions"}],"wp:featuredmedia":[{"embeddable":true,"href":"https:\/\/www.europesays.com\/fr\/wp-json\/wp\/v2\/media\/556439"}],"wp:attachment":[{"href":"https:\/\/www.europesays.com\/fr\/wp-json\/wp\/v2\/media?parent=556438"}],"wp:term":[{"taxonomy":"category","embeddable":true,"href":"https:\/\/www.europesays.com\/fr\/wp-json\/wp\/v2\/categories?post=556438"},{"taxonomy":"post_tag","embeddable":true,"href":"https:\/\/www.europesays.com\/fr\/wp-json\/wp\/v2\/tags?post=556438"}],"curies":[{"name":"wp","href":"https:\/\/api.w.org\/{rel}","templated":true}]}}