{"id":556460,"date":"2025-11-25T00:12:16","date_gmt":"2025-11-25T00:12:16","guid":{"rendered":"https:\/\/www.europesays.com\/fr\/556460\/"},"modified":"2025-11-25T00:12:16","modified_gmt":"2025-11-25T00:12:16","slug":"previsions-du-mardi-25-novembre-2025-2","status":"publish","type":"post","link":"https:\/\/www.europesays.com\/fr\/556460\/","title":{"rendered":"pr\u00e9visions du mardi 25 novembre 2025"},"content":{"rendered":"<p>Avec des nuages aujourd&rsquo;hui, \u00e0 Rennes, le ciel sera encore couvert. On pr\u00e9voit des valeurs avoisinant 7\u00b0C. Une brise de nord-ouest soufflera l\u00e9g\u00e8rement. En revanche, le matin, un important soleil brillera. Il fera environ 8\u00b0C. Apr\u00e8s un passage nuageux, le temps va doucement s&rsquo;am\u00e9liorer dans l&rsquo;apr\u00e8s-midi et laisser place \u00e0 des \u00e9claircies. Les temp\u00e9ratures s&rsquo;\u00e9chelonneront de 7 \u00e0 10\u00b0C. Le soir, la m\u00e9t\u00e9o sera marqu\u00e9e par des pluies \u00e9parses. Les valeurs s&rsquo;\u00e9chelonneront entre 5 et 6\u00b0C. C&rsquo;est un ciel clair que conna\u00eetra la nuit de mardi \u00e0 mercredi.<\/p>\n<p>C&rsquo;est \u00e0 un ciel couvert de nuages qu&rsquo;il faudra s&rsquo;attendre demain \u00e0 Rennes. Une chute du mercure est attendue. Les temp\u00e9ratures afficheront entre 3 et 9\u00b0C. Un vent de nord-ouest rafra\u00eechira un peu l&rsquo;atmosph\u00e8re. D&rsquo;un autre c\u00f4t\u00e9, des \u00e9claircies appara\u00eetront dans la matin\u00e9e. Il va faire 5\u00b0C en moyenne. Demain apr\u00e8s-midi, on verra l&rsquo;arriv\u00e9e de nuages. Les valeurs seront de 6\u00b0C au minimum et de 9\u00b0C au plus haut. Demain soir, encore des nuages dans le ciel qui emp\u00eachent le soleil de faire son apparition.<\/p>\n<p>Une am\u00e9lioration est annonc\u00e9e vendredi, alors que la journ\u00e9e de jeudi aura \u00e9t\u00e9 pluvieuse.<\/p>\n<p><\/p>\n","protected":false},"excerpt":{"rendered":"Avec des nuages aujourd&rsquo;hui, \u00e0 Rennes, le ciel sera encore couvert. On pr\u00e9voit des valeurs avoisinant 7\u00b0C. Une&hellip;\n","protected":false},"author":2,"featured_media":556461,"comment_status":"","ping_status":"","sticky":false,"template":"","format":"standard","meta":{"footnotes":""},"categories":[2821],"tags":[1111,11,829,1777,674,1011,27,12,2119,584,25],"class_list":{"0":"post-556460","1":"post","2":"type-post","3":"status-publish","4":"format-standard","5":"has-post-thumbnail","7":"category-rennes","8":"tag-actu","9":"tag-actualites","10":"tag-bretagne","11":"tag-eu","12":"tag-europe","13":"tag-fr","14":"tag-france","15":"tag-news","16":"tag-previsions-meteo","17":"tag-rennes","18":"tag-republique-francaise"},"share_on_mastodon":{"url":"https:\/\/pubeurope.com\/@fr\/115607446712572716","error":""},"_links":{"self":[{"href":"https:\/\/www.europesays.com\/fr\/wp-json\/wp\/v2\/posts\/556460","targetHints":{"allow":["GET"]}}],"collection":[{"href":"https:\/\/www.europesays.com\/fr\/wp-json\/wp\/v2\/posts"}],"about":[{"href":"https:\/\/www.europesays.com\/fr\/wp-json\/wp\/v2\/types\/post"}],"author":[{"embeddable":true,"href":"https:\/\/www.europesays.com\/fr\/wp-json\/wp\/v2\/users\/2"}],"replies":[{"embeddable":true,"href":"https:\/\/www.europesays.com\/fr\/wp-json\/wp\/v2\/comments?post=556460"}],"version-history":[{"count":0,"href":"https:\/\/www.europesays.com\/fr\/wp-json\/wp\/v2\/posts\/556460\/revisions"}],"wp:featuredmedia":[{"embeddable":true,"href":"https:\/\/www.europesays.com\/fr\/wp-json\/wp\/v2\/media\/556461"}],"wp:attachment":[{"href":"https:\/\/www.europesays.com\/fr\/wp-json\/wp\/v2\/media?parent=556460"}],"wp:term":[{"taxonomy":"category","embeddable":true,"href":"https:\/\/www.europesays.com\/fr\/wp-json\/wp\/v2\/categories?post=556460"},{"taxonomy":"post_tag","embeddable":true,"href":"https:\/\/www.europesays.com\/fr\/wp-json\/wp\/v2\/tags?post=556460"}],"curies":[{"name":"wp","href":"https:\/\/api.w.org\/{rel}","templated":true}]}}