{"id":556462,"date":"2025-11-25T00:13:26","date_gmt":"2025-11-25T00:13:26","guid":{"rendered":"https:\/\/www.europesays.com\/fr\/556462\/"},"modified":"2025-11-25T00:13:26","modified_gmt":"2025-11-25T00:13:26","slug":"bd-le-nouvel-envol-de-lepervier","status":"publish","type":"post","link":"https:\/\/www.europesays.com\/fr\/556462\/","title":{"rendered":"BD. Le nouvel envol de l\u2019\u00c9pervier"},"content":{"rendered":"<p>   R\u00e9\u00e9dition <\/p>\n<p>Cela fut une des belles aventures de la BD fran\u00e7aise. Lanc\u00e9e en 1996,  L\u2019\u00c9pervier , s\u00e9rie de Patrice Pellerin, nous projetait en plein XVIIIe \u00a0si\u00e8cle au c\u00f4t\u00e9 du chevalier Yann de Kermeur que ses aventures marines menaient jusqu\u2019en Guyane. Publi\u00e9s par Dupuis, les six premiers tomes (1996\/2006) sont r\u00e9\u00e9dit\u00e9s chez Soleil qui avait d\u00e9j\u00e0 \u00e0 son catalogue les tomes 7 \u00e0 10.<\/p>\n","protected":false},"excerpt":{"rendered":"R\u00e9\u00e9dition Cela fut une des belles aventures de la BD fran\u00e7aise. Lanc\u00e9e en 1996, L\u2019\u00c9pervier , s\u00e9rie de&hellip;\n","protected":false},"author":2,"featured_media":556463,"comment_status":"","ping_status":"","sticky":false,"template":"","format":"standard","meta":{"footnotes":""},"categories":[2820],"tags":[1111,11,1687,1777,674,1011,27,775,2410,12,25,640],"class_list":{"0":"post-556462","1":"post","2":"type-post","3":"status-publish","4":"format-standard","5":"has-post-thumbnail","7":"category-strasbourg","8":"tag-actu","9":"tag-actualites","10":"tag-culture-loisirs","11":"tag-eu","12":"tag-europe","13":"tag-fr","14":"tag-france","15":"tag-grand-est","16":"tag-livres-bd","17":"tag-news","18":"tag-republique-francaise","19":"tag-strasbourg"},"share_on_mastodon":{"url":"https:\/\/pubeurope.com\/@fr\/115607450693971681","error":""},"_links":{"self":[{"href":"https:\/\/www.europesays.com\/fr\/wp-json\/wp\/v2\/posts\/556462","targetHints":{"allow":["GET"]}}],"collection":[{"href":"https:\/\/www.europesays.com\/fr\/wp-json\/wp\/v2\/posts"}],"about":[{"href":"https:\/\/www.europesays.com\/fr\/wp-json\/wp\/v2\/types\/post"}],"author":[{"embeddable":true,"href":"https:\/\/www.europesays.com\/fr\/wp-json\/wp\/v2\/users\/2"}],"replies":[{"embeddable":true,"href":"https:\/\/www.europesays.com\/fr\/wp-json\/wp\/v2\/comments?post=556462"}],"version-history":[{"count":0,"href":"https:\/\/www.europesays.com\/fr\/wp-json\/wp\/v2\/posts\/556462\/revisions"}],"wp:featuredmedia":[{"embeddable":true,"href":"https:\/\/www.europesays.com\/fr\/wp-json\/wp\/v2\/media\/556463"}],"wp:attachment":[{"href":"https:\/\/www.europesays.com\/fr\/wp-json\/wp\/v2\/media?parent=556462"}],"wp:term":[{"taxonomy":"category","embeddable":true,"href":"https:\/\/www.europesays.com\/fr\/wp-json\/wp\/v2\/categories?post=556462"},{"taxonomy":"post_tag","embeddable":true,"href":"https:\/\/www.europesays.com\/fr\/wp-json\/wp\/v2\/tags?post=556462"}],"curies":[{"name":"wp","href":"https:\/\/api.w.org\/{rel}","templated":true}]}}