{"id":556464,"date":"2025-11-25T00:14:14","date_gmt":"2025-11-25T00:14:14","guid":{"rendered":"https:\/\/www.europesays.com\/fr\/556464\/"},"modified":"2025-11-25T00:14:14","modified_gmt":"2025-11-25T00:14:14","slug":"previsions-du-mardi-25-novembre-2025-3","status":"publish","type":"post","link":"https:\/\/www.europesays.com\/fr\/556464\/","title":{"rendered":"pr\u00e9visions du mardi 25 novembre 2025"},"content":{"rendered":"<p>Le ciel sera nuageux \u00e0 Strasbourg dans la journ\u00e9e. Les temp\u00e9ratures tourneront autour des 4\u00b0C. De la bruine l\u00e9g\u00e8re tombera dans la matin\u00e9e. Il va faire en moyenne 4\u00b0C. Une brise de sud-ouest soufflera l\u00e9g\u00e8rement. Le soleil brillerait plus t\u00f4t dans l&rsquo;apr\u00e8s-midi si des nuages ne g\u00eanaient pas son arriv\u00e9e. Il va pleuvoir. Le ciel sera voil\u00e9 par du brouillard le soir. Il fera 3\u00b0C en moyenne. Durant la nuit de mardi \u00e0 mercredi, le ciel sera pluvieux.<\/p>\n<p>On notera la pr\u00e9sence persistante de nuages demain \u00e0 Strasbourg. Il faudra pr\u00e9voir des perturbations, les Strasbourgeois se retrouveront sous des pluies \u00e9parses. Les temp\u00e9ratures s&rsquo;\u00e9chelonneront entre 2 et 5\u00b0C. Un l\u00e9ger vent de nord sera ressenti par les habitants. Le temps sera au brouillard dans la matin\u00e9e. Demain apr\u00e8s-midi, encore des nuages dans le ciel qui emp\u00eachent le soleil de faire son apparition. Les valeurs s&rsquo;\u00e9chelonneront de 4 \u00e0 5\u00b0C. La grisaille ne se disperse toujours pas, il va y avoir encore des nuages demain soir. Le thermom\u00e8tre affichera 3\u00b0C en moyenne.<\/p>\n<p>Une am\u00e9lioration est pr\u00e9vue pour les jours \u00e0 venir. Le temps sera ensoleill\u00e9 avec des temp\u00e9ratures d&rsquo;environ 3\u00b0C.<\/p>\n<p><\/p>\n","protected":false},"excerpt":{"rendered":"Le ciel sera nuageux \u00e0 Strasbourg dans la journ\u00e9e. Les temp\u00e9ratures tourneront autour des 4\u00b0C. De la bruine&hellip;\n","protected":false},"author":2,"featured_media":556465,"comment_status":"","ping_status":"","sticky":false,"template":"","format":"standard","meta":{"footnotes":""},"categories":[2820],"tags":[1111,11,1777,674,1011,27,775,12,2119,25,640],"class_list":{"0":"post-556464","1":"post","2":"type-post","3":"status-publish","4":"format-standard","5":"has-post-thumbnail","7":"category-strasbourg","8":"tag-actu","9":"tag-actualites","10":"tag-eu","11":"tag-europe","12":"tag-fr","13":"tag-france","14":"tag-grand-est","15":"tag-news","16":"tag-previsions-meteo","17":"tag-republique-francaise","18":"tag-strasbourg"},"share_on_mastodon":{"url":"https:\/\/pubeurope.com\/@fr\/115607454681461512","error":""},"_links":{"self":[{"href":"https:\/\/www.europesays.com\/fr\/wp-json\/wp\/v2\/posts\/556464","targetHints":{"allow":["GET"]}}],"collection":[{"href":"https:\/\/www.europesays.com\/fr\/wp-json\/wp\/v2\/posts"}],"about":[{"href":"https:\/\/www.europesays.com\/fr\/wp-json\/wp\/v2\/types\/post"}],"author":[{"embeddable":true,"href":"https:\/\/www.europesays.com\/fr\/wp-json\/wp\/v2\/users\/2"}],"replies":[{"embeddable":true,"href":"https:\/\/www.europesays.com\/fr\/wp-json\/wp\/v2\/comments?post=556464"}],"version-history":[{"count":0,"href":"https:\/\/www.europesays.com\/fr\/wp-json\/wp\/v2\/posts\/556464\/revisions"}],"wp:featuredmedia":[{"embeddable":true,"href":"https:\/\/www.europesays.com\/fr\/wp-json\/wp\/v2\/media\/556465"}],"wp:attachment":[{"href":"https:\/\/www.europesays.com\/fr\/wp-json\/wp\/v2\/media?parent=556464"}],"wp:term":[{"taxonomy":"category","embeddable":true,"href":"https:\/\/www.europesays.com\/fr\/wp-json\/wp\/v2\/categories?post=556464"},{"taxonomy":"post_tag","embeddable":true,"href":"https:\/\/www.europesays.com\/fr\/wp-json\/wp\/v2\/tags?post=556464"}],"curies":[{"name":"wp","href":"https:\/\/api.w.org\/{rel}","templated":true}]}}