{"id":556468,"date":"2025-11-25T00:17:30","date_gmt":"2025-11-25T00:17:30","guid":{"rendered":"https:\/\/www.europesays.com\/fr\/556468\/"},"modified":"2025-11-25T00:17:30","modified_gmt":"2025-11-25T00:17:30","slug":"un-homme-blesse-par-balle-a-la-tete-dans-le-centre-ville-de-nice-5-personnes-interpellees","status":"publish","type":"post","link":"https:\/\/www.europesays.com\/fr\/556468\/","title":{"rendered":"Un homme bless\u00e9 par balle \u00e0 la t\u00eate dans le centre-ville de Nice, 5 personnes interpell\u00e9es"},"content":{"rendered":"<p>La victime est encore ce lundi soir entre la vie et la mort. \u00c0 Nice, en plein centre-ville, place Grimaldi pr\u00e9cis\u00e9ment, un homme a \u00e9t\u00e9 la cible d&rsquo;un tir d&rsquo;arme \u00e0 feu ce dimanche soir. Selon cette information de nos confr\u00e8res de <a href=\"https:\/\/www.nicematin.com\/faits-divers\/un-homme-blesse-par-balle-a-la-tete-cinq-suspects-sans-abri-ce-que-l-on-sait-sur-le-drame-survenu-dimanche-soir-a-nice-10657936\" target=\"_blank\" rel=\"noopener\">Nice-Matin<\/a>, la victime est \u00e2g\u00e9e de 35 ans et serait polonaise.<\/p>\n<p>Une enqu\u00eate ouverte<\/p>\n<p>En d\u00e9but de soir\u00e9e, les policiers sont avertis d&rsquo;un coup de feu. Sur place, la police municipale \u00e9paul\u00e9e par des agents de la police nationale, retrouvent une arme \u00e0 feu \u00e0 proximit\u00e9 de la victime. Une personne, pr\u00e9sent\u00e9e comme le principal suspect, est \u00e9galement interpell\u00e9e. L&rsquo;arme de poing de type 22 long rifle a \u00e9t\u00e9 retrouv\u00e9e dans un buisson.<\/p>\n<p>Le procureur de la R\u00e9publique de Nice a indiqu\u00e9 ce lundi qu&rsquo;au total 5 personnes avaient \u00e9t\u00e9 interpell\u00e9es : deux Fran\u00e7ais, deux Polonais et un Marocain. Il pourrait s&rsquo;agir, selon les premi\u00e8res informations, de personnes sans domicile fixe. Ils sont \u00e2g\u00e9s de 37 \u00e0 51 ans.\u00a0<\/p>\n<p>En ce qui concerne la victime, elle a \u00e9t\u00e9 touch\u00e9e d&rsquo;une balle \u00e0 la t\u00eate. Elle a \u00e9t\u00e9 hospitalis\u00e9e \u00e0 l&rsquo;h\u00f4pital Pasteur 2 \u00e0 Nice. Une enqu\u00eate pour \u00ab\u00a0tentative d&rsquo;homicide\u00a0\u00bb a \u00e9t\u00e9 ouverte et pourrait \u00eatre requalifi\u00e9e en \u00ab\u00a0meurtre\u00a0\u00bb si l&rsquo;homme de 35 ans finissait par succomber \u00e0 ses blessures.\u00a0<\/p>\n<p>Il pourrait s&rsquo;agir d&rsquo;une erreur de manipulation de l&rsquo;arme \u00e0 feu selon les premiers \u00e9l\u00e9ments de l&rsquo;enqu\u00eate.<\/p>\n","protected":false},"excerpt":{"rendered":"La victime est encore ce lundi soir entre la vie et la mort. \u00c0 Nice, en plein centre-ville,&hellip;\n","protected":false},"author":2,"featured_media":556469,"comment_status":"","ping_status":"","sticky":false,"template":"","format":"standard","meta":{"footnotes":""},"categories":[2819],"tags":[17,1111,11,6195,3916,11898,1446,1777,674,274,1011,27,4933,12,2401,5912,882,25,17643],"class_list":{"0":"post-556468","1":"post","2":"type-post","3":"status-publish","4":"format-standard","5":"has-post-thumbnail","7":"category-nice","8":"tag-17","9":"tag-actu","10":"tag-actualites","11":"tag-balle","12":"tag-blesse","13":"tag-centre-ville","14":"tag-dans","15":"tag-eu","16":"tag-europe","17":"tag-faits-divers-justice","18":"tag-fr","19":"tag-france","20":"tag-homme","21":"tag-news","22":"tag-nice","23":"tag-par","24":"tag-provence-alpes-cote-dazur","25":"tag-republique-francaise","26":"tag-tete"},"share_on_mastodon":{"url":"https:\/\/pubeurope.com\/@fr\/115607466461738550","error":""},"_links":{"self":[{"href":"https:\/\/www.europesays.com\/fr\/wp-json\/wp\/v2\/posts\/556468","targetHints":{"allow":["GET"]}}],"collection":[{"href":"https:\/\/www.europesays.com\/fr\/wp-json\/wp\/v2\/posts"}],"about":[{"href":"https:\/\/www.europesays.com\/fr\/wp-json\/wp\/v2\/types\/post"}],"author":[{"embeddable":true,"href":"https:\/\/www.europesays.com\/fr\/wp-json\/wp\/v2\/users\/2"}],"replies":[{"embeddable":true,"href":"https:\/\/www.europesays.com\/fr\/wp-json\/wp\/v2\/comments?post=556468"}],"version-history":[{"count":0,"href":"https:\/\/www.europesays.com\/fr\/wp-json\/wp\/v2\/posts\/556468\/revisions"}],"wp:featuredmedia":[{"embeddable":true,"href":"https:\/\/www.europesays.com\/fr\/wp-json\/wp\/v2\/media\/556469"}],"wp:attachment":[{"href":"https:\/\/www.europesays.com\/fr\/wp-json\/wp\/v2\/media?parent=556468"}],"wp:term":[{"taxonomy":"category","embeddable":true,"href":"https:\/\/www.europesays.com\/fr\/wp-json\/wp\/v2\/categories?post=556468"},{"taxonomy":"post_tag","embeddable":true,"href":"https:\/\/www.europesays.com\/fr\/wp-json\/wp\/v2\/tags?post=556468"}],"curies":[{"name":"wp","href":"https:\/\/api.w.org\/{rel}","templated":true}]}}