{"id":556476,"date":"2025-11-25T00:21:12","date_gmt":"2025-11-25T00:21:12","guid":{"rendered":"https:\/\/www.europesays.com\/fr\/556476\/"},"modified":"2025-11-25T00:21:12","modified_gmt":"2025-11-25T00:21:12","slug":"previsions-du-mardi-25-novembre-2025-4","status":"publish","type":"post","link":"https:\/\/www.europesays.com\/fr\/556476\/","title":{"rendered":"pr\u00e9visions du mardi 25 novembre 2025"},"content":{"rendered":"<p>Aujourd&rsquo;hui, le soleil sera cach\u00e9 derri\u00e8re des nuages \u00e0 Bordeaux, o\u00f9 le ciel sera voil\u00e9. Des pluies \u00e9parses vont tomber sur la ville. Il va faire environ 9\u00b0C. Un modeste vent de nord-ouest sera ressenti par les habitants. Dans la matin\u00e9e, les temp\u00e9ratures seront de 9\u00b0C. On notera la pr\u00e9sence persistante de nuages l&rsquo;apr\u00e8s-midi. Les temp\u00e9ratures seront comprises entre 8 et 11\u00b0C. Le ciel va l\u00e9g\u00e8rement se d\u00e9gager dans la soir\u00e9e avec des \u00e9claircies. Une nuit claire vous attendra entre mardi et mercredi.<\/p>\n<p>Demain, une chute des temp\u00e9ratures est attendue \u00e0 Bordeaux. Le mercure affichera 7\u00b0C en moyenne. Un vent de nord-ouest rafra\u00eechira l\u00e9g\u00e8rement l&rsquo;atmosph\u00e8re. Cette matin\u00e9e rimera avec grand soleil. Il fera 6\u00b0C en moyenne. Petits et grands pourront passer leur apr\u00e8s-midi sous un ciel l\u00e9g\u00e8rement nuageux. Les valeurs seront de 6\u00b0C au plus bas et de 9\u00b0C au plus haut. Les Bordelais vont avoir froid demain soir : les temp\u00e9ratures ne vont pas d\u00e9passer 6\u00b0C. On anticipe des temp\u00e9ratures d&rsquo;environ 5\u00b0C.<\/p>\n<p>La m\u00e9t\u00e9o des journ\u00e9es qui suivent va \u00e9voluer peu \u00e0 peu. La m\u00e9t\u00e9o se maintiendra jeudi mais une d\u00e9gradation s&rsquo;ensuivra vendredi.<\/p>\n<p><\/p>\n","protected":false},"excerpt":{"rendered":"Aujourd&rsquo;hui, le soleil sera cach\u00e9 derri\u00e8re des nuages \u00e0 Bordeaux, o\u00f9 le ciel sera voil\u00e9. Des pluies \u00e9parses&hellip;\n","protected":false},"author":2,"featured_media":556477,"comment_status":"","ping_status":"","sticky":false,"template":"","format":"standard","meta":{"footnotes":""},"categories":[2817],"tags":[1111,11,1997,1777,674,1011,27,12,2219,2119,25],"class_list":{"0":"post-556476","1":"post","2":"type-post","3":"status-publish","4":"format-standard","5":"has-post-thumbnail","7":"category-bordeaux","8":"tag-actu","9":"tag-actualites","10":"tag-bordeaux","11":"tag-eu","12":"tag-europe","13":"tag-fr","14":"tag-france","15":"tag-news","16":"tag-nouvelle-aquitaine","17":"tag-previsions-meteo","18":"tag-republique-francaise"},"share_on_mastodon":{"url":"https:\/\/pubeurope.com\/@fr\/115607482136215731","error":""},"_links":{"self":[{"href":"https:\/\/www.europesays.com\/fr\/wp-json\/wp\/v2\/posts\/556476","targetHints":{"allow":["GET"]}}],"collection":[{"href":"https:\/\/www.europesays.com\/fr\/wp-json\/wp\/v2\/posts"}],"about":[{"href":"https:\/\/www.europesays.com\/fr\/wp-json\/wp\/v2\/types\/post"}],"author":[{"embeddable":true,"href":"https:\/\/www.europesays.com\/fr\/wp-json\/wp\/v2\/users\/2"}],"replies":[{"embeddable":true,"href":"https:\/\/www.europesays.com\/fr\/wp-json\/wp\/v2\/comments?post=556476"}],"version-history":[{"count":0,"href":"https:\/\/www.europesays.com\/fr\/wp-json\/wp\/v2\/posts\/556476\/revisions"}],"wp:featuredmedia":[{"embeddable":true,"href":"https:\/\/www.europesays.com\/fr\/wp-json\/wp\/v2\/media\/556477"}],"wp:attachment":[{"href":"https:\/\/www.europesays.com\/fr\/wp-json\/wp\/v2\/media?parent=556476"}],"wp:term":[{"taxonomy":"category","embeddable":true,"href":"https:\/\/www.europesays.com\/fr\/wp-json\/wp\/v2\/categories?post=556476"},{"taxonomy":"post_tag","embeddable":true,"href":"https:\/\/www.europesays.com\/fr\/wp-json\/wp\/v2\/tags?post=556476"}],"curies":[{"name":"wp","href":"https:\/\/api.w.org\/{rel}","templated":true}]}}