{"id":55648,"date":"2025-04-27T00:49:10","date_gmt":"2025-04-27T00:49:10","guid":{"rendered":"https:\/\/www.europesays.com\/fr\/55648\/"},"modified":"2025-04-27T00:49:10","modified_gmt":"2025-04-27T00:49:10","slug":"fc-nantes-toulouse-un-groupe-de-21-avec-un-retour-de-taille-sport","status":"publish","type":"post","link":"https:\/\/www.europesays.com\/fr\/55648\/","title":{"rendered":"FC Nantes &#8211; Toulouse. Un groupe de 21\u00a0avec un retour de taille . Sport"},"content":{"rendered":"<p>Le <a href=\"https:\/\/nantes.maville.com\/sport\/detail_-le-psg-tombe-le-fc-nantes-de-1995-conserve-son-record-d-invincibilite-_8-6781782_actu.Htm\" target=\"_self\" rel=\"nofollow noopener\">FC Nantes<\/a> va jouer une grande partie de son avenir en Ligue 1, demain \u00e0 17\u00a0h\u00a015, face \u00e0 Toulouse. \u00ab<strong>\u00a0Une victoire devrait nous rapprocher du maintien\u2026\u00a0\u00bb<\/strong>, estime Antoine Kombouar\u00e9. L\u2019entra\u00eeneur nantais a d\u00e9cid\u00e9 d\u2019emmener un groupe de 21\u00a0joueurs pour cette rencontre de bas de tableau.<\/p>\n<p>Anthony Lopes, absent contre Paris mardi soir en raison d\u2019une grosse b\u00e9quille, fait son grand retour. <a href=\"https:\/\/nantes.maville.com\/sport\/detail_-fc-nantes.-titularise-face-au-psg-patrik-carlgren-est-la-vraie-doublure-d-anthony-lopes-_52716-6777657_actu.Htm\" target=\"_self\" rel=\"nofollow noopener\">Alban Lafont<\/a> sort donc du groupe. Autres absences\u00a0: Sa\u00efdou Sow (genou) et Francis Coquelin (cuisse). Marcus Coco est suspendu pour ce match apr\u00e8s son expulsion \u00e0 Rennes (2-1) il y a dix jours.<\/p>\n<p>Le groupe<\/p>\n<p>Lafont, Carlgren, Barbet &#8211; Pallois, Cozza, Z\u00e9z\u00e9, Castelletto, Amian, Centonze &#8211; Mollet, Leroux, Lepenant, Douglas Augusto, Chirivella, Tabibou &#8211; Kadewere, Guirassy, Elia, Abline, Mohamed, Simon.<\/p>\n<p>\u00a0<\/p>\n","protected":false},"excerpt":{"rendered":"Le FC Nantes va jouer une grande partie de son avenir en Ligue 1, demain \u00e0 17\u00a0h\u00a015, face&hellip;\n","protected":false},"author":2,"featured_media":55649,"comment_status":"","ping_status":"","sticky":false,"template":"","format":"standard","meta":{"footnotes":""},"categories":[2816],"tags":[1111,11,3809,1465,1777,674,63,1011,27,1792,1922,12,2680,25,6689,479,517,2312,1470,9693],"class_list":{"0":"post-55648","1":"post","2":"type-post","3":"status-publish","4":"format-standard","5":"has-post-thumbnail","7":"category-toulouse","8":"tag-actu","9":"tag-actualites","10":"tag-ball","11":"tag-basket","12":"tag-eu","13":"tag-europe","14":"tag-football","15":"tag-fr","16":"tag-france","17":"tag-handball","18":"tag-info","19":"tag-news","20":"tag-occitanie","21":"tag-republique-francaise","22":"tag-roche","23":"tag-rugby","24":"tag-sport","25":"tag-toulouse","26":"tag-volley","27":"tag-yon"},"share_on_mastodon":{"url":"https:\/\/pubeurope.com\/@fr\/114407182343297719","error":""},"_links":{"self":[{"href":"https:\/\/www.europesays.com\/fr\/wp-json\/wp\/v2\/posts\/55648","targetHints":{"allow":["GET"]}}],"collection":[{"href":"https:\/\/www.europesays.com\/fr\/wp-json\/wp\/v2\/posts"}],"about":[{"href":"https:\/\/www.europesays.com\/fr\/wp-json\/wp\/v2\/types\/post"}],"author":[{"embeddable":true,"href":"https:\/\/www.europesays.com\/fr\/wp-json\/wp\/v2\/users\/2"}],"replies":[{"embeddable":true,"href":"https:\/\/www.europesays.com\/fr\/wp-json\/wp\/v2\/comments?post=55648"}],"version-history":[{"count":0,"href":"https:\/\/www.europesays.com\/fr\/wp-json\/wp\/v2\/posts\/55648\/revisions"}],"wp:featuredmedia":[{"embeddable":true,"href":"https:\/\/www.europesays.com\/fr\/wp-json\/wp\/v2\/media\/55649"}],"wp:attachment":[{"href":"https:\/\/www.europesays.com\/fr\/wp-json\/wp\/v2\/media?parent=55648"}],"wp:term":[{"taxonomy":"category","embeddable":true,"href":"https:\/\/www.europesays.com\/fr\/wp-json\/wp\/v2\/categories?post=55648"},{"taxonomy":"post_tag","embeddable":true,"href":"https:\/\/www.europesays.com\/fr\/wp-json\/wp\/v2\/tags?post=55648"}],"curies":[{"name":"wp","href":"https:\/\/api.w.org\/{rel}","templated":true}]}}