{"id":556484,"date":"2025-11-25T00:26:14","date_gmt":"2025-11-25T00:26:14","guid":{"rendered":"https:\/\/www.europesays.com\/fr\/556484\/"},"modified":"2025-11-25T00:26:14","modified_gmt":"2025-11-25T00:26:14","slug":"3%e1%b5%89-edition-des-rencontres-de-la-finance-verte","status":"publish","type":"post","link":"https:\/\/www.europesays.com\/fr\/556484\/","title":{"rendered":"3\u1d49 \u00e9dition des Rencontres de la finance verte"},"content":{"rendered":"<p>Vendredi 21 novembre, Gomet\u2019 a rempli l\u2019open space du <strong><a href=\"https:\/\/www.marseille-innov.org\/cic-place-innovation-energie-du-centre-ville-au-service-des-startup\/\" data-type=\"link\" data-id=\"https:\/\/www.marseille-innov.org\/cic-place-innovation-energie-du-centre-ville-au-service-des-startup\/\" target=\"_blank\" rel=\"noreferrer noopener\">CIC place de l\u2019Innovation<\/a><\/strong> pour la troisi\u00e8me \u00e9dition des Rencontres de la finance verte, consacr\u00e9e cette ann\u00e9e \u00e0 la \u00ab r\u00e9sistance et souverainet\u00e9 europ\u00e9ennes \u00bb. Entreprises, investisseurs et acteurs publics sont venus nombreux pour interroger leurs strat\u00e9gies et comprendre comment avancer malgr\u00e9 les tensions autour des politiques climatiques.<\/p>\n<p>La matin\u00e9e a d\u00e9marr\u00e9 avec les interventions des partenaires \u2013 Smalt Capital, CIC Lyonnaise de Banque, Banque des Territoires et Cr\u00e9dit Agricole Alpes Provence \u2013 avant une keynote tr\u00e8s suivie de <strong><a href=\"https:\/\/gomet.net\/finance-verte-et-souverainete-repenser-la-transition-dans-un-monde-instable\/\" target=\"_blank\" data-type=\"link\" data-id=\"https:\/\/gomet.net\/finance-verte-et-souverainete-repenser-la-transition-dans-un-monde-instable\/\" rel=\"noreferrer noopener\">Diana Mangalagiu<\/a> <\/strong>(Neoma Business School, Universit\u00e9 d\u2019Oxford). La premi\u00e8re table ronde a ensuite explor\u00e9 le ph\u00e9nom\u00e8ne de \u00ab backlash \u00bb climatique, en pr\u00e9sence d\u2019experts venus de la finance durable, du Plan Bleu ou encore de Reclaim Finance.<\/p>\n<p>Les flash conf\u00e9rences ont confirm\u00e9 le dynamisme de l\u2019\u00e9cosyst\u00e8me : d\u2019un c\u00f4t\u00e9, un focus sur la r\u00e9sistance des acteurs face au d\u00e9r\u00e8glement climatique ; de l\u2019autre, deux sessions consacr\u00e9es aux moyens des fonds d\u2019investissement pour poursuivre la transition, et aux indicateurs du climat utilis\u00e9s par les institutions et observatoires sp\u00e9cialis\u00e9s. La cl\u00f4ture, suivie d\u2019un long temps de networking, a pu prolonger les moments d\u2019\u00e9changes.<\/p>\n<p><a data-no-instant=\"1\" href=\"https:\/\/ampmetropole.fr\/missions\/strategie-environnementale\/alimentation-et-agriculture\/avec-les-halles-de-producteurs-la-metropole-cultive-le-bien-manger-en-provence\/\" rel=\"noopener nofollow\" class=\"a2t-link\" target=\"_blank\" aria-label=\"2025_1.2_11_HPD_1200x148 3\"><img loading=\"lazy\" decoding=\"async\" src=\"data:image\/svg+xml,%3Csvg%20xmlns=\" http:=\"\" alt=\"\" data-lazy- data-lazy- width=\"2048\" height=\"253\" style=\"display: inline-block;\" data-lazy-src=\"https:\/\/www.europesays.com\/fr\/wp-content\/uploads\/2025\/11\/2025_1.2_11_hpd_1200x148-3-scaled.jpg\"\/><\/a>Le compte-rendu des 3e Rencontres de la finance verte \u00e0 suivre\u2026<\/p>\n<p>Vous n\u2019avez pas pu \u00eatre parmi nous ? Un compte rendu sur la r\u00e9sistance des acteurs de la finance verte face au \u00ab\u00a0backlash \u00e9cologique\u00a0\u00bb, sur les fonds d\u2019investissement et leur capacit\u00e9 r\u00e9elle \u00e0 financer la transition, et un d\u00e9cryptage des indicateurs du climat pr\u00e9sent\u00e9s lors de l\u2019\u00e9v\u00e9nement sont <strong><a href=\"https:\/\/gomet.net\/\" data-type=\"link\" data-id=\"https:\/\/gomet.net\/\" target=\"_blank\" rel=\"noreferrer noopener\">\u00e0 suivre sur Gomet\u2019.<\/a><\/strong><\/p>\n<p class=\"has-background\" style=\"background-color:#f1f2f4\">Lien utile :<br \/><strong><a href=\"https:\/\/gomet.net\/?s=Rencontres+de+la+finance+verte\" data-type=\"link\" data-id=\"https:\/\/gomet.net\/?s=Rencontres+de+la+finance+verte\" target=\"_blank\" rel=\"noreferrer noopener\">Retrouvez nos articles sur nos Rencontres de la finance verte ici.<\/a><\/strong><\/p>\n","protected":false},"excerpt":{"rendered":"Vendredi 21 novembre, Gomet\u2019 a rempli l\u2019open space du CIC place de l\u2019Innovation pour la troisi\u00e8me \u00e9dition des&hellip;\n","protected":false},"author":2,"featured_media":556485,"comment_status":"","ping_status":"","sticky":false,"template":"","format":"standard","meta":{"footnotes":""},"categories":[2814],"tags":[1111,11,1777,674,1011,27,884,12,882,25],"class_list":{"0":"post-556484","1":"post","2":"type-post","3":"status-publish","4":"format-standard","5":"has-post-thumbnail","7":"category-marseille","8":"tag-actu","9":"tag-actualites","10":"tag-eu","11":"tag-europe","12":"tag-fr","13":"tag-france","14":"tag-marseille","15":"tag-news","16":"tag-provence-alpes-cote-dazur","17":"tag-republique-francaise"},"share_on_mastodon":{"url":"https:\/\/pubeurope.com\/@fr\/115607501810695666","error":""},"_links":{"self":[{"href":"https:\/\/www.europesays.com\/fr\/wp-json\/wp\/v2\/posts\/556484","targetHints":{"allow":["GET"]}}],"collection":[{"href":"https:\/\/www.europesays.com\/fr\/wp-json\/wp\/v2\/posts"}],"about":[{"href":"https:\/\/www.europesays.com\/fr\/wp-json\/wp\/v2\/types\/post"}],"author":[{"embeddable":true,"href":"https:\/\/www.europesays.com\/fr\/wp-json\/wp\/v2\/users\/2"}],"replies":[{"embeddable":true,"href":"https:\/\/www.europesays.com\/fr\/wp-json\/wp\/v2\/comments?post=556484"}],"version-history":[{"count":0,"href":"https:\/\/www.europesays.com\/fr\/wp-json\/wp\/v2\/posts\/556484\/revisions"}],"wp:featuredmedia":[{"embeddable":true,"href":"https:\/\/www.europesays.com\/fr\/wp-json\/wp\/v2\/media\/556485"}],"wp:attachment":[{"href":"https:\/\/www.europesays.com\/fr\/wp-json\/wp\/v2\/media?parent=556484"}],"wp:term":[{"taxonomy":"category","embeddable":true,"href":"https:\/\/www.europesays.com\/fr\/wp-json\/wp\/v2\/categories?post=556484"},{"taxonomy":"post_tag","embeddable":true,"href":"https:\/\/www.europesays.com\/fr\/wp-json\/wp\/v2\/tags?post=556484"}],"curies":[{"name":"wp","href":"https:\/\/api.w.org\/{rel}","templated":true}]}}