{"id":556486,"date":"2025-11-25T00:27:12","date_gmt":"2025-11-25T00:27:12","guid":{"rendered":"https:\/\/www.europesays.com\/fr\/556486\/"},"modified":"2025-11-25T00:27:12","modified_gmt":"2025-11-25T00:27:12","slug":"previsions-du-mardi-25-novembre-2025-6","status":"publish","type":"post","link":"https:\/\/www.europesays.com\/fr\/556486\/","title":{"rendered":"pr\u00e9visions du mardi 25 novembre 2025"},"content":{"rendered":"<p>Marseille va \u00eatre inond\u00e9e de soleil au cours de cette journ\u00e9e. Les maximales pourront atteindre 11\u00b0C et les minimales seront de 7\u00b0C. Un vent de nord-ouest est attendu : il soufflera \u00e0 37 km\/h. Les valeurs seront comprises entre 9\u00b0C et 11\u00b0C dans la matin\u00e9e. Les temp\u00e9ratures s&rsquo;\u00e9chelonneront entre 9 et 11\u00b0C durant l&rsquo;apr\u00e8s-midi. Un vent de nord-ouest soufflera \u00e0 43 km\/h. La ville aura quelques \u00e9claircies le soir. Les valeurs seront de 8\u00b0C au plus bas et de 9\u00b0C au plus haut. Un vent de nord-ouest soufflera \u00e0 45 km\/h. Le ciel sera clair dans la nuit de mardi \u00e0 mercredi.<\/p>\n<p>Demain, un beau soleil rayonnera sur Marseille. Les temp\u00e9ratures afficheront entre 6 et 11\u00b0C. Il fera 7\u00b0C en moyenne le matin. Un vent de nord-ouest soufflera \u00e0 42 km\/h. Les valeurs s&rsquo;\u00e9chelonneront de 8 \u00e0 11\u00b0C sur l&rsquo;ensemble de l&rsquo;apr\u00e8s-midi. On annonce une embellie pour cette soir\u00e9e.<\/p>\n<p>Pour les jours qui suivent, le temps ne changera pas. Des temp\u00e9ratures dans les 9\u00b0C iront de pair avec un ciel ensoleill\u00e9.<\/p>\n<p><\/p>\n","protected":false},"excerpt":{"rendered":"Marseille va \u00eatre inond\u00e9e de soleil au cours de cette journ\u00e9e. Les maximales pourront atteindre 11\u00b0C et les&hellip;\n","protected":false},"author":2,"featured_media":556487,"comment_status":"","ping_status":"","sticky":false,"template":"","format":"standard","meta":{"footnotes":""},"categories":[2814],"tags":[1111,11,1777,674,1011,27,884,12,2119,882,25],"class_list":{"0":"post-556486","1":"post","2":"type-post","3":"status-publish","4":"format-standard","5":"has-post-thumbnail","7":"category-marseille","8":"tag-actu","9":"tag-actualites","10":"tag-eu","11":"tag-europe","12":"tag-fr","13":"tag-france","14":"tag-marseille","15":"tag-news","16":"tag-previsions-meteo","17":"tag-provence-alpes-cote-dazur","18":"tag-republique-francaise"},"share_on_mastodon":{"url":"https:\/\/pubeurope.com\/@fr\/115607505808740583","error":""},"_links":{"self":[{"href":"https:\/\/www.europesays.com\/fr\/wp-json\/wp\/v2\/posts\/556486","targetHints":{"allow":["GET"]}}],"collection":[{"href":"https:\/\/www.europesays.com\/fr\/wp-json\/wp\/v2\/posts"}],"about":[{"href":"https:\/\/www.europesays.com\/fr\/wp-json\/wp\/v2\/types\/post"}],"author":[{"embeddable":true,"href":"https:\/\/www.europesays.com\/fr\/wp-json\/wp\/v2\/users\/2"}],"replies":[{"embeddable":true,"href":"https:\/\/www.europesays.com\/fr\/wp-json\/wp\/v2\/comments?post=556486"}],"version-history":[{"count":0,"href":"https:\/\/www.europesays.com\/fr\/wp-json\/wp\/v2\/posts\/556486\/revisions"}],"wp:featuredmedia":[{"embeddable":true,"href":"https:\/\/www.europesays.com\/fr\/wp-json\/wp\/v2\/media\/556487"}],"wp:attachment":[{"href":"https:\/\/www.europesays.com\/fr\/wp-json\/wp\/v2\/media?parent=556486"}],"wp:term":[{"taxonomy":"category","embeddable":true,"href":"https:\/\/www.europesays.com\/fr\/wp-json\/wp\/v2\/categories?post=556486"},{"taxonomy":"post_tag","embeddable":true,"href":"https:\/\/www.europesays.com\/fr\/wp-json\/wp\/v2\/tags?post=556486"}],"curies":[{"name":"wp","href":"https:\/\/api.w.org\/{rel}","templated":true}]}}