{"id":556493,"date":"2025-11-25T00:32:14","date_gmt":"2025-11-25T00:32:14","guid":{"rendered":"https:\/\/www.europesays.com\/fr\/556493\/"},"modified":"2025-11-25T00:32:14","modified_gmt":"2025-11-25T00:32:14","slug":"le-procureur-classe-sans-suite-toutes-les-procedures","status":"publish","type":"post","link":"https:\/\/www.europesays.com\/fr\/556493\/","title":{"rendered":"le procureur classe sans suite toutes les proc\u00e9dures"},"content":{"rendered":"<p class=\"article__intro\">Apr\u00e8s plusieurs d\u00e9p\u00f4ts de plaintes de parents d&rsquo;\u00e9l\u00e8ves d&rsquo;une \u00e9cole maternelle de Saint-Laurent-du-Var \u00e0 l&rsquo;encontre d&rsquo;un enseignant, le Procureur de la R\u00e9publique de Grasse a annonc\u00e9 classer sans suite l&rsquo;ensemble des proc\u00e9dures pour soup\u00e7ons d&rsquo;abus sexuels. Il alerte aussi sur la m\u00e9diatisation de l&rsquo;affaire.<\/p>\n<p>\n      La Quotidienne Soci\u00e9t\u00e9\n    <\/p>\n<p>\n      De la vie quotidienne aux grands enjeux, recevez tous les jours les sujets qui font la soci\u00e9t\u00e9 locale, comme la justice, l\u2019\u00e9ducation, la sant\u00e9 et la famille.\n    <\/p>\n<p>    France T\u00e9l\u00e9visions utilise votre adresse e-mail afin de vous envoyer la newsletter \u00ab\u00a0La Quotidienne Soci\u00e9t\u00e9\u00a0\u00bb. Vous pouvez vous d\u00e9sinscrire \u00e0 tout moment via le lien en bas de cette newsletter. <a target=\"_blank\" href=\"https:\/\/www.francetelevisions.fr\/groupe\/confidentialite\/politique-de-confidentialite\/politique-de-confidentialite-de-france-televisions-6503\" rel=\"noopener\">Notre politique de confidentialit\u00e9<\/a><\/p>\n<p>Dans les m\u00e9dias locaux et nationaux, les d\u00e9p\u00f4ts de plaintes de plusieurs familles \u00e0 l&rsquo;encontre d&rsquo;un enseignant de Saint-Laurent-du-Var, dans<a href=\"http:\/\/france3-regions.franceinfo.fr\/provence-alpes-cote-d-azur\/alpes-maritimes?gad_source=1&amp;gad_campaignid=1369422417&amp;gbraid=0AAAAADFBa60oCCiXppiD9hP6NKGhqsDQk&amp;gclid=EAIaIQobChMIh5bT9IaLkQMVS2hBAh1RNw0jEAAYASAAEgKOgfD_BwE#at_medium=1&amp;at_platform=2&amp;at_offre=4&amp;at_campaign=DSA_France3&amp;at_adgroup=Provence-Alpes-Cote-d-Azur&amp;at_adgroupid=55804118358&amp;at_adid=549359463298&amp;at_term=\" target=\"_blank\" rel=\"noopener noreferrer nofollow\" data-tooltip-url=\"\/provence-alpes-cote-d-azur\/alpes-maritimes?gad_source=1&amp;gad_campaignid=1369422417&amp;gbraid=0AAAAADFBa60oCCiXppiD9hP6NKGhqsDQk&amp;gclid=EAIaIQobChMIh5bT9IaLkQMVS2hBAh1RNw0jEAAYASAAEgKOgfD_BwE#at_medium=1&amp;at_platform=2&amp;at_offre=4&amp;at_campaign=DSA_France3&amp;at_adgroup=Provence-Alpes-Cote-d-Azur&amp;at_adgroupid=55804118358&amp;at_adid=549359463298&amp;at_term=\"> les Alpes-Maritimes,<\/a> ont connu un grand retentissement \u00e0 la mi-octobre 2025. Un peu plus d&rsquo;un mois plus tard, le lundi 24 novembre, le procureur de la R\u00e9publique de <a href=\"https:\/\/france3-regions.franceinfo.fr\/provence-alpes-cote-d-azur\/alpes-maritimes\/grasse\" target=\"_blank\" rel=\"noopener noreferrer nofollow\" data-tooltip-url=\"https:\/\/france3-regions.franceinfo.fr\/provence-alpes-cote-d-azur\/alpes-maritimes\/grasse\">Grasse<\/a>, Eric Camous, a clarifi\u00e9 la situation lors d&rsquo;un point presse et par voie de communiqu\u00e9.<\/p>\n<p>Depuis le d\u00e9but du mois d\u2019octobre, quatre plaintes ont \u00e9t\u00e9 d\u00e9pos\u00e9es par des familles pour des soup\u00e7ons d&rsquo;agression sexuelle et de viol sur des enfants de 3 ans et demi et 4 ans, par un enseignant d\u2019une classe maternelle de Saint-Laurent-du-Var.<\/p>\n<p>Apr\u00e8s une rencontre entre les parents, les enseignants et la police nationale dans l&rsquo;\u00e9tablissement, une enqu\u00eate judiciaire a \u00e9t\u00e9 ouverte et confi\u00e9e \u00e0 la police nationale de <a href=\"https:\/\/france3-regions.franceinfo.fr\/provence-alpes-cote-d-azur\/alpes-maritimes\/cagnes-sur-mer\" target=\"_blank\" rel=\"noopener noreferrer nofollow\" data-tooltip-url=\"https:\/\/france3-regions.franceinfo.fr\/provence-alpes-cote-d-azur\/alpes-maritimes\/cagnes-sur-mer\">Cagnes-sur-Mer.<\/a><\/p>\n<p>Le procureur de la R\u00e9publique de Grasse, Eric Camous, pr\u00e9cise \u00e0 France 3 : \u00ab\u00a0Les parents des deux enfants ont d\u2019abord \u00e9t\u00e9 entendus sur les confidences recueillies.\u00a0\u00bb<\/p>\n<blockquote class=\"ftvi_content_quote\">\n<p class=\"ftvi_citation_quote\">Situant les actes dans les toilettes de l\u2019\u00e9tablissement, ils ont rapport\u00e9 des propos parfois difficilement formul\u00e9s. Il en a \u00e9t\u00e9 de m\u00eame \u00e0 propos de la parole des enfants, pourtant recueillie par des enqu\u00eateurs sp\u00e9cialis\u00e9s dans le cadre du protocole M\u00e9lanie.<\/p>\n<p>Le procureur de la R\u00e9publique de Grasse, Eric Camous.<\/p>\n<p class=\"ftvi_citation_source\">\u00e0 France 3 C\u00f4te d\u2019Azur.<\/p>\n<\/blockquote>\n<p>Les deux enfants ont fait l&rsquo;objet d&rsquo;une expertise psychologique, \u00ab\u00a0dont les conclusions ont impos\u00e9 la prudence avec laquelle ces \u00e9l\u00e9ments devaient \u00eatre accueillis.\u00a0\u00bb Il d\u00e9taille : \u00ab\u00a0en effet, les \u00e9l\u00e9ments livr\u00e9s par les enfants n&rsquo;ont jamais \u00e9t\u00e9 spontan\u00e9s et le lieu o\u00f9 il se serait produit n&rsquo;a jamais cess\u00e9 d&rsquo;\u00e9voluer. En outre, a \u00e9t\u00e9 rapport\u00e9e la pr\u00e9sence d&rsquo;une seconde enseignante qui n&rsquo;existe pas, sauf \u00e0 la confondre avec l&rsquo;Atsem (L&rsquo;agent territorial sp\u00e9cialis\u00e9 des \u00e9coles maternelles), toujours pr\u00e9sente. Celle-ci a toujours r\u00e9fut\u00e9 le fait d&rsquo;avoir assist\u00e9 \u00e0 quelques \u00e9v\u00e9nements que ce soit.\u00a0\u00bb<\/p>\n<p>    dur\u00e9e de la vid\u00e9o : 00h00mn37s<\/p>\n<p>        <img decoding=\"async\" width=\"640\" height=\"426\" class=\"article-image not-lazy\" src=\"https:\/\/www.europesays.com\/fr\/wp-content\/uploads\/2025\/11\/fallbackFr3_16_9.webp.webp\" alt=\"\" fetchpriority=\"high\"\/><\/p>\n<p>              Voir la video\u00a0(37 secondes).\u00a0<br \/>\n                  37 sec<\/p>\n<p>\n          Les quatre plaintes pour soup\u00e7ons d\u2019abus sexuels visant un enseignant d&rsquo;une \u00e9cole de Saint-Laurent-du-Var class\u00e9es sans suite<\/p>\n<p>        \u2022<\/p>\n<p>              \u00a9FTV\n      <\/p>\n<p>Le procureur ajoute : \u00a0\u00bb S&rsquo;agissant de jeunes enfants, les experts ont relev\u00e9 le risque majeur de confabulation des propos. Autrement dit, le fait de r\u00e9pondre aux attentes des adultes, plut\u00f4t que de rapporter la r\u00e9alit\u00e9 d&rsquo;un \u00e9v\u00e9nement [&#8230;].\u00a0\u00bb<\/p>\n<p>Entendu sur les faits, le professeur des \u00e9coles, qui enseigne depuis 10 ans, a contest\u00e9 les accusations port\u00e9es \u00e0 son encontre. Eric Camous mentionne : \u00a0\u00bb il n&rsquo;a fait l&rsquo;objet d&rsquo;aucun incident au cours de sa carri\u00e8re et ses comp\u00e9tences ont toujours \u00e9t\u00e9 soulign\u00e9es [&#8230;]\u00a0\u00bb. Toutes ces raisons ont pouss\u00e9 le procureur \u00e0 classer sans suite cette premi\u00e8re proc\u00e9dure.<\/p>\n<p>\u00c0 la suite de cette d\u00e9cision, deux autres plaintes ont \u00e9t\u00e9 instruites, \u00ab\u00a0elles se sont rapport\u00e9es aux accusations de deux autres familles qui ont fait \u00e9tat de propos inqui\u00e9tants, recueillis, de deux enfants en premi\u00e8re intention. L\u00e0 encore, les accusations se sont r\u00e9v\u00e9l\u00e9es extr\u00eamement difficiles \u00e0 circonstancier.\u00a0\u00bb Avec des faits \u00ab\u00a0confus et discordants\u00a0\u00bb.<\/p>\n<blockquote class=\"ftvi_content_quote\">\n<p class=\"ftvi_citation_quote\">Il n&rsquo;est pas possible d&rsquo;accueillir avec r\u00e9alit\u00e9 les accusations port\u00e9es, celles-ci \u00e9tant syst\u00e9matiquement d\u00e9menties par le recoupement des propos, les \u00e9l\u00e9ments de circonstances, les t\u00e9moignages des adultes et les conclusions des experts. L&rsquo;ensemble des proc\u00e9dures a fait l&rsquo;objet d&rsquo;un classement sans suite.<\/p>\n<p>Eric Camous<\/p>\n<p class=\"ftvi_citation_source\">Le procureur de la R\u00e9publique de Grasse<\/p>\n<\/blockquote>\n<p>Pour conclure, le procureur a tenu \u00e0 expliquer \u00a0\u00bb qu&rsquo;il ne s&rsquo;agit nullement d&rsquo;accabler les enfants qui ont collectivement ou individuellement travesti la r\u00e9alit\u00e9 [&#8230;], ce sont de tr\u00e8s jeunes enfants dont le rapport au monde, les propos et les accusations doivent \u00eatre appr\u00e9hend\u00e9s avec attention et distance.\u00a0\u00bb Et d&rsquo;ajouter \u00e0 l&rsquo;attention des parents : \u00a0\u00bb je n&rsquo;entends pas faire ombrage \u00e0 l&rsquo;\u00e9motion l\u00e9gitime des parents, aux craintes qu&rsquo;ils ont exprim\u00e9es [&#8230;].\u00a0\u00bb Il a enfin rappel\u00e9 le principe de la pr\u00e9somption d&rsquo;innocence et regrett\u00e9 l&#8217;emballement m\u00e9diatique de l&rsquo;affaire.<\/p>\n<p><a href=\"https:\/\/www.ac-nice.fr\/\" target=\"_blank\" rel=\"noopener noreferrer nofollow\" data-tooltip-url=\"https:\/\/www.ac-nice.fr\/\">L&rsquo;Acad\u00e9mie de Nice<\/a> a r\u00e9agi dans un communiqu\u00e9 en d\u00e9clarant que : \u00ab\u00a0cette d\u00e9cision confirme que rien ne peut \u00eatre reproch\u00e9 \u00e0 cet enseignant\u00a0\u00bb. L&rsquo;enseignant sera prochainement re\u00e7u par l&rsquo;inspecteur d&rsquo;acad\u00e9mie afin de pr\u00e9parer sa reprise.<\/p>\n<p>Avec David Da Meda<\/p>\n","protected":false},"excerpt":{"rendered":"Apr\u00e8s plusieurs d\u00e9p\u00f4ts de plaintes de parents d&rsquo;\u00e9l\u00e8ves d&rsquo;une \u00e9cole maternelle de Saint-Laurent-du-Var \u00e0 l&rsquo;encontre d&rsquo;un enseignant, le&hellip;\n","protected":false},"author":2,"featured_media":556494,"comment_status":"","ping_status":"","sticky":false,"template":"","format":"standard","meta":{"footnotes":""},"categories":[1888],"tags":[1111,1928,11,1927,1777,674,1011,27,12,1926,626,1925,25],"class_list":{"0":"post-556493","1":"post","2":"type-post","3":"status-publish","4":"format-standard","5":"has-post-thumbnail","7":"category-paris","8":"tag-actu","9":"tag-actu-paris","10":"tag-actualites","11":"tag-actualites-paris","12":"tag-eu","13":"tag-europe","14":"tag-fr","15":"tag-france","16":"tag-news","17":"tag-news-paris","18":"tag-paris","19":"tag-paris-news","20":"tag-republique-francaise"},"share_on_mastodon":{"url":"https:\/\/pubeurope.com\/@fr\/115607526108531375","error":""},"_links":{"self":[{"href":"https:\/\/www.europesays.com\/fr\/wp-json\/wp\/v2\/posts\/556493","targetHints":{"allow":["GET"]}}],"collection":[{"href":"https:\/\/www.europesays.com\/fr\/wp-json\/wp\/v2\/posts"}],"about":[{"href":"https:\/\/www.europesays.com\/fr\/wp-json\/wp\/v2\/types\/post"}],"author":[{"embeddable":true,"href":"https:\/\/www.europesays.com\/fr\/wp-json\/wp\/v2\/users\/2"}],"replies":[{"embeddable":true,"href":"https:\/\/www.europesays.com\/fr\/wp-json\/wp\/v2\/comments?post=556493"}],"version-history":[{"count":0,"href":"https:\/\/www.europesays.com\/fr\/wp-json\/wp\/v2\/posts\/556493\/revisions"}],"wp:featuredmedia":[{"embeddable":true,"href":"https:\/\/www.europesays.com\/fr\/wp-json\/wp\/v2\/media\/556494"}],"wp:attachment":[{"href":"https:\/\/www.europesays.com\/fr\/wp-json\/wp\/v2\/media?parent=556493"}],"wp:term":[{"taxonomy":"category","embeddable":true,"href":"https:\/\/www.europesays.com\/fr\/wp-json\/wp\/v2\/categories?post=556493"},{"taxonomy":"post_tag","embeddable":true,"href":"https:\/\/www.europesays.com\/fr\/wp-json\/wp\/v2\/tags?post=556493"}],"curies":[{"name":"wp","href":"https:\/\/api.w.org\/{rel}","templated":true}]}}