{"id":556495,"date":"2025-11-25T00:33:12","date_gmt":"2025-11-25T00:33:12","guid":{"rendered":"https:\/\/www.europesays.com\/fr\/556495\/"},"modified":"2025-11-25T00:33:12","modified_gmt":"2025-11-25T00:33:12","slug":"lhotel-de-ville-de-paris-accueille-le-big-pride-energy-ball-pour-sa-3e-edition-en-bref","status":"publish","type":"post","link":"https:\/\/www.europesays.com\/fr\/556495\/","title":{"rendered":"L&rsquo;H\u00f4tel de Ville de Paris accueille le Big Pride Energy Ball pour sa 3\u00e9 \u00e9dition &#8211; En bref"},"content":{"rendered":"<p>Si vous aviez pr\u00e9vu quelque chose le 29 novembre, annulez tout !<\/p>\n<p>La 3\u1d49 \u00e9dition du <a href=\"https:\/\/www.bigprideenergy.com\/\" target=\"_blank\" rel=\"noopener\">Big Pride Energy Ball<\/a> est de retour. Intitul\u00e9 \u201cThe Cosmic Healing\u201d, l\u2019\u00e9v\u00e9nement c\u00e9l\u00e8bre l\u2019art, le voguing, la pr\u00e9vention et la fiert\u00e9.<\/p>\n<p><a href=\"https:\/\/www.instagram.com\/mamasha_yelele\/\" target=\"_blank\" rel=\"noopener\">The Legendary Kylee<\/a> et <a href=\"https:\/\/www.parissanssida.fr\/#:~:text=Vers%20Paris%20sans%20sida%20est%20une%20association%20cr%C3%A9%C3%A9e,de%20Paris.%20En%202020%2C%20la%20Seine-Saint-Denis%20l%E2%80%99a%20rejointe.\" target=\"_blank\" rel=\"noopener\">Vers Paris Sans Sida<\/a> s\u2019associent pour proposer l\u2019un des \u00e9v\u00e9nements queer les plus importants de la capitale, mettant \u00e0 l\u2019honneur le voguing et la culture ballroom.<\/p>\n<p>Pour l\u2019occasion, l\u2019H\u00f4tel de Ville de Paris rouvre ses portes et accueille pour la premi\u00e8re fois un ball voguing. Glamour, paillettes, performances et pr\u00e9vention seront au rendez-vous. The Cosmic Healing donnera lieu \u00e0 des d\u00e9fil\u00e9s et des shows r\u00e9unissant plusieurs figures incontournables du voguing venues de France et d\u2019Europe.<\/p>\n<p>La soir\u00e9e mettra \u00e9galement en lumi\u00e8re \u201cOpen To All : Protect your Health, Protect your Legacy\u201d, l\u2019initiative de pr\u00e9vention et de d\u00e9pistage port\u00e9e par Vers Paris Sans Sida. Des stands d\u2019information, de pr\u00e9vention et de tests seront install\u00e9s sur place afin de permettre au public de se faire d\u00e9pister gratuitement et en toute confidentialit\u00e9.<\/p>\n<p>N\u00e9 dans les communaut\u00e9s noires et latino-am\u00e9ricaines aux \u00c9tats-Unis dans les ann\u00e9es 1960, le ballroom s\u2019est rapidement d\u00e9velopp\u00e9 au-del\u00e0 de ses fronti\u00e8res d\u2019origine, influen\u00e7ant de nombreuses sc\u00e8nes europ\u00e9ennes, dont celle de Paris. Des artistes comme <a href=\"https:\/\/www.instagram.com\/_nikkigucci_\/\" target=\"_blank\" rel=\"noopener\">Nikki Gorgeous Gucci<\/a> ou <a href=\"https:\/\/www.instagram.com\/sorayathetrue\/\" target=\"_blank\" rel=\"noopener\">Soraya Ala\u00efa<\/a>, qui en a port\u00e9 l\u2019\u00e9nergie jusqu\u2019\u00e0 Lille, continuent d\u2019en faire rayonner l\u2019h\u00e9ritage.<br \/>Ces soir\u00e9es c\u00e9l\u00e8brent l\u2019identit\u00e9, la diversit\u00e9 et la puissance des communaut\u00e9s queer \u00e0 travers la danse, le d\u00e9fil\u00e9 et la performance, leur offrant l\u2019occasion de vivre leur propre concours de beaut\u00e9.<\/p>\n<p>Le Big Pride Energy Ball vous donne rendez-vous le samedi 29 novembre d\u00e8s 15 h, dans la Salle des F\u00eates de l\u2019H\u00f4tel de Ville de Paris.<\/p>\n<p>            <script async src=\"\/\/www.instagram.com\/embed.js\"><\/script><\/p>\n","protected":false},"excerpt":{"rendered":"Si vous aviez pr\u00e9vu quelque chose le 29 novembre, annulez tout ! La 3\u1d49 \u00e9dition du Big Pride&hellip;\n","protected":false},"author":2,"featured_media":556496,"comment_status":"","ping_status":"","sticky":false,"template":"","format":"standard","meta":{"footnotes":""},"categories":[1888],"tags":[1111,1928,11,1927,1777,674,1011,27,12,1926,626,1925,25],"class_list":{"0":"post-556495","1":"post","2":"type-post","3":"status-publish","4":"format-standard","5":"has-post-thumbnail","7":"category-paris","8":"tag-actu","9":"tag-actu-paris","10":"tag-actualites","11":"tag-actualites-paris","12":"tag-eu","13":"tag-europe","14":"tag-fr","15":"tag-france","16":"tag-news","17":"tag-news-paris","18":"tag-paris","19":"tag-paris-news","20":"tag-republique-francaise"},"share_on_mastodon":{"url":"https:\/\/pubeurope.com\/@fr\/115607529318732749","error":""},"_links":{"self":[{"href":"https:\/\/www.europesays.com\/fr\/wp-json\/wp\/v2\/posts\/556495","targetHints":{"allow":["GET"]}}],"collection":[{"href":"https:\/\/www.europesays.com\/fr\/wp-json\/wp\/v2\/posts"}],"about":[{"href":"https:\/\/www.europesays.com\/fr\/wp-json\/wp\/v2\/types\/post"}],"author":[{"embeddable":true,"href":"https:\/\/www.europesays.com\/fr\/wp-json\/wp\/v2\/users\/2"}],"replies":[{"embeddable":true,"href":"https:\/\/www.europesays.com\/fr\/wp-json\/wp\/v2\/comments?post=556495"}],"version-history":[{"count":0,"href":"https:\/\/www.europesays.com\/fr\/wp-json\/wp\/v2\/posts\/556495\/revisions"}],"wp:featuredmedia":[{"embeddable":true,"href":"https:\/\/www.europesays.com\/fr\/wp-json\/wp\/v2\/media\/556496"}],"wp:attachment":[{"href":"https:\/\/www.europesays.com\/fr\/wp-json\/wp\/v2\/media?parent=556495"}],"wp:term":[{"taxonomy":"category","embeddable":true,"href":"https:\/\/www.europesays.com\/fr\/wp-json\/wp\/v2\/categories?post=556495"},{"taxonomy":"post_tag","embeddable":true,"href":"https:\/\/www.europesays.com\/fr\/wp-json\/wp\/v2\/tags?post=556495"}],"curies":[{"name":"wp","href":"https:\/\/api.w.org\/{rel}","templated":true}]}}