{"id":556499,"date":"2025-11-25T00:35:19","date_gmt":"2025-11-25T00:35:19","guid":{"rendered":"https:\/\/www.europesays.com\/fr\/556499\/"},"modified":"2025-11-25T00:35:19","modified_gmt":"2025-11-25T00:35:19","slug":"la-zone-dediee-a-la-reine-des-neiges-ouvrira-le-29-mars-2026","status":"publish","type":"post","link":"https:\/\/www.europesays.com\/fr\/556499\/","title":{"rendered":"la zone d\u00e9di\u00e9e \u00e0 \u00ab\u00a0La Reine des Neiges\u00a0\u00bb ouvrira le 29 mars 2026"},"content":{"rendered":"<p><a target=\"_blank\" href=\"https:\/\/www.lanouvellerepublique.fr\/a-la-une\/70-ans-du-tout-premier-parc-disneyland-un-modele-qui-a-revolutionne-le-tourisme-et-les-loisirs-dans-le-monde-1752672305\" rel=\"noopener\">Le g\u00e9ant Disney<\/a> poursuit son d\u00e9veloppement en France : \u00e0\u00a0partir du 29\u00a0mars 2026, les fans d\u2019Anna et d\u2019Elsa pourront d\u00e9couvrir \u00e0 Disneyland Paris le \u00ab\u00a0monde de la Reine des neiges\u00a0\u00bb, son attraction familiale et son village norv\u00e9gien fictif d\u2019Arendelle, surplomb\u00e9 d\u2019une montagne haute de 36 m\u00e8tres, au sein du parc Walt Disney Studios, rebaptis\u00e9 le m\u00eame jour Disney Adventure World, a annonc\u00e9 lundi 24\u00a0novembre 2025 la premi\u00e8re destination touristique priv\u00e9e d\u2019Europe.<\/p>\n<p>Ce dernier, ouvert en 2002, soit dix ans apr\u00e8s le parc classique, accueillera dans les ann\u00e9es \u00e0 venir un univers et une attraction aux couleurs d\u2019un autre grand succ\u00e8s de la firme aux grandes oreilles, Le Roi Lion, dont la construction a d\u00e9marr\u00e9 cet automne.<\/p>\n<p>Le\u00a0parc Walt Disney Studios va doubler de taille<\/p>\n<p>Au terme de sa transformation, il aura \u00ab\u00a0quasiment doubl\u00e9 de taille\u00a0\u00bb, s\u2019est f\u00e9licit\u00e9e Natacha Rafalski, pr\u00e9sidente de Disneyland Paris, en amont d\u2019une visite organis\u00e9e pour de nombreux m\u00e9dias fran\u00e7ais et internationaux, ainsi que des fans et influenceurs. \u00ab\u00a0Il s\u2019agit d\u2019une \u00e9tape d\u00e9cisive pour Disneyland Paris\u00a0\u00bb, a-t-elle insist\u00e9.<\/p>\n<p>En attendant Simba et autres animaux de la savane, Disney Adventure World s\u2019organisera autour d\u2019un lac de trois hectares con\u00e7u pour un nouveau spectacle nocturne alliant drones a\u00e9riens et aquatiques \u00e0 la technologie in\u00e9dite, selon un communiqu\u00e9.<\/p>\n<p>Il proposera aussi une nouvelle attraction inspir\u00e9e du film Raiponce, similaire aux tasses tournoyantes d\u2019Alice aux pays des merveilles\u00a0situ\u00e9es dans l\u2019autre parc, un nouveau restaurant haut de gamme et le tout premier bar des deux parcs.<\/p>\n<p>Deux milliards d\u2019euros d\u2019investissement<\/p>\n<p>Financ\u00e9 par la maison m\u00e8re the Walt Disney Company, le projet d\u2019extension, annonc\u00e9 en 2018, repose sur un plan d\u2019investissement de deux milliards d\u2019euros. Sera-t-il accompagn\u00e9 d\u2019une hausse des prix d\u2019entr\u00e9e\u00a0? Sollicit\u00e9e par l\u2019AFP, Disneyland Paris, qui a mis en place l\u2019ann\u00e9e derni\u00e8re la tarification dynamique (variation des prix en fonction de la demande) n\u2019avait pas r\u00e9pondu lundi soir.<\/p>\n<p>L\u2019agrandissement et le rafra\u00eechissement du second parc, qui propose aussi des zones d\u00e9di\u00e9es \u00e0 Marvel et Pixar, devraient permettre de d\u00e9sengorger le principal. Et attirer de nouveaux visiteurs \u00e0 Disneyland Paris.<\/p>\n","protected":false},"excerpt":{"rendered":"Le g\u00e9ant Disney poursuit son d\u00e9veloppement en France : \u00e0\u00a0partir du 29\u00a0mars 2026, les fans d\u2019Anna et d\u2019Elsa&hellip;\n","protected":false},"author":2,"featured_media":556500,"comment_status":"","ping_status":"","sticky":false,"template":"","format":"standard","meta":{"footnotes":""},"categories":[1888],"tags":[328,11,1777,674,1011,27,1393,74,12,62878,626,25],"class_list":{"0":"post-556499","1":"post","2":"type-post","3":"status-publish","4":"format-standard","5":"has-post-thumbnail","7":"category-paris","8":"tag-a-la-une","9":"tag-actualites","10":"tag-eu","11":"tag-europe","12":"tag-fr","13":"tag-france","14":"tag-loisirs","15":"tag-monde","16":"tag-news","17":"tag-parcs-de-loisirs","18":"tag-paris","19":"tag-republique-francaise"},"share_on_mastodon":{"url":"https:\/\/pubeurope.com\/@fr\/115607537193312451","error":""},"_links":{"self":[{"href":"https:\/\/www.europesays.com\/fr\/wp-json\/wp\/v2\/posts\/556499","targetHints":{"allow":["GET"]}}],"collection":[{"href":"https:\/\/www.europesays.com\/fr\/wp-json\/wp\/v2\/posts"}],"about":[{"href":"https:\/\/www.europesays.com\/fr\/wp-json\/wp\/v2\/types\/post"}],"author":[{"embeddable":true,"href":"https:\/\/www.europesays.com\/fr\/wp-json\/wp\/v2\/users\/2"}],"replies":[{"embeddable":true,"href":"https:\/\/www.europesays.com\/fr\/wp-json\/wp\/v2\/comments?post=556499"}],"version-history":[{"count":0,"href":"https:\/\/www.europesays.com\/fr\/wp-json\/wp\/v2\/posts\/556499\/revisions"}],"wp:featuredmedia":[{"embeddable":true,"href":"https:\/\/www.europesays.com\/fr\/wp-json\/wp\/v2\/media\/556500"}],"wp:attachment":[{"href":"https:\/\/www.europesays.com\/fr\/wp-json\/wp\/v2\/media?parent=556499"}],"wp:term":[{"taxonomy":"category","embeddable":true,"href":"https:\/\/www.europesays.com\/fr\/wp-json\/wp\/v2\/categories?post=556499"},{"taxonomy":"post_tag","embeddable":true,"href":"https:\/\/www.europesays.com\/fr\/wp-json\/wp\/v2\/tags?post=556499"}],"curies":[{"name":"wp","href":"https:\/\/api.w.org\/{rel}","templated":true}]}}