{"id":55650,"date":"2025-04-27T00:53:39","date_gmt":"2025-04-27T00:53:39","guid":{"rendered":"https:\/\/www.europesays.com\/fr\/55650\/"},"modified":"2025-04-27T00:53:39","modified_gmt":"2025-04-27T00:53:39","slug":"lycee-musulman-averroes-de-lille-la-justice-retablit-le-contrat-avec-letat","status":"publish","type":"post","link":"https:\/\/www.europesays.com\/fr\/55650\/","title":{"rendered":"Lyc\u00e9e musulman Averro\u00e8s de Lille : la justice r\u00e9tablit le contrat avec l&rsquo;\u00c9tat"},"content":{"rendered":"<p><strong>Apr\u00e8s une <a href=\"https:\/\/lematindalgerie.com\/lycee-musulman-averroes-de-lille-un-recours-depose-devant-le-tribunal\/\" target=\"_blank\" rel=\"noopener\">d\u00e9cision<\/a> du tribunal administratif de Lille, le lyc\u00e9e musulman Averro\u00e8s a retrouv\u00e9 son contrat avec l\u2019\u00c9tat, mercredi 23 avril. <\/strong><\/p>\n<p>Devant le\u00a0<a href=\"https:\/\/www.francetvinfo.fr\/societe\/education\/lycee-musulman-averroes-de-lille-le-retablissement-de-son-contrat-avec-l-etat-divise-les-responsables-politiques_7207845.html\" target=\"_blank\" rel=\"noopener\">lyc\u00e9e musulman Averro\u00e8s<\/a>, \u00e0 Lille (Nord), les professeurs se r\u00e9jouissent du jugement. L\u2019\u00e9tablissement scolaire est \u00e0 nouveau li\u00e9 avec l\u2019\u00c9tat.\u00a0\u00ab\u00a0On a essay\u00e9 de nous chercher des ennuis via des choses dont on a d\u00e9montr\u00e9 qu\u2019elles n\u2019existaient m\u00eame pas. C\u2019est un soulagement, c\u2019est une satisfaction, on est surtout heureux d\u2019avoir \u00e9t\u00e9 entendus par la justice\u00ab\u00a0, a expliqu\u00e9 \u00c9ric Dufour, directeur du lyc\u00e9e Averro\u00e8s.<\/p>\n<p>\u00c9lisabeth Borne \u00ab\u00a0prend acte du jugement\u00a0\u00bb<\/p>\n<p>C\u2019est en d\u00e9cembre 2023 que ce contrat avait \u00e9t\u00e9 rompu par la pr\u00e9fecture du Nord. L\u2019\u00c9tat accuse alors le lyc\u00e9e d\u2019atteinte aux valeurs de la R\u00e9publique et d\u2019un lien avec une mouvance islamique. <\/p>\n<p>Mais le tribunal ne trouve pas d\u2019\u00e9l\u00e9ments probants et annule la d\u00e9cision du pr\u00e9fet. \u00c9lisabeth, la ministre de l\u2019\u00c9ducation nationale, a indiqu\u00e9 dans un communiqu\u00e9\u00a0\u00ab\u00a0prendre acte du jugement\u00a0\u00bb, et se r\u00e9serve la possibilit\u00e9 de faire appel.\u00a0<\/p>\n<p>Le lyc\u00e9e musulman lillois Averro\u00e8s, dont le contrat d\u2019association avec l\u2019Etat\u00a0<a href=\"https:\/\/www.francetvinfo.fr\/societe\/education\/scolarite\/guide-parents\/lycee\/lycee-musulman-averroes-de-lille-le-contrat-avec-l-etat-est-retabli-par-la-justice_7206465.html\" target=\"_blank\" rel=\"noopener\">a \u00e9t\u00e9 r\u00e9tabli<\/a>\u00a0par la justice administrative,\u00a0\u00ab\u00a0est un bastion de l\u2019entrisme islamiste\u00a0\u00bb, a affirm\u00e9 le ministre de l\u2019Int\u00e9rieur Bruno Retailleau, jeudi 24\u00a0avril, au lendemain de cette d\u00e9cision, expriman le souhait\u00a0\u00ab\u00a0que l\u2019Etat fasse appel\u00a0\u00bb.\u00a0\u00ab\u00a0Les faits sont graves, ils sont significatifs de l\u2019entrisme islamiste que je veux combattre avec la plus grande fermet\u00e9\u00a0\u00bb, a d\u00e9clar\u00e9 le ministre, lors d\u2019une conf\u00e9rence de presse \u00e0 Marseille.<\/p>\n<p>\u00ab\u00a0Il ne s\u2019agissait pas de fermer un lyc\u00e9e, il s\u2019agissait d\u2019interrompre un contrat d\u2019association qui est la voie par laquelle l\u2019Etat subventionne, aide financi\u00e8rement, avec l\u2019argent des Fran\u00e7ais, un \u00e9tablissement\u00a0\u00bb, a soulign\u00e9 Bruno Retailleau.<\/p>\n<p>Ce m\u00eame ministre si prompt \u00e0 critiquer ce lyc\u00e9e que la justice a r\u00e9tabli dans ses droits, ne dit mot sur l\u2019\u00e9tablissement priv\u00e9 catholique Notre-Dame de B\u00e9tharram (Pyr\u00e9n\u00e9es-Atlantiques). Pourtant, les t\u00e9moignages accablants de violences diverses se multiplient toutes les semaines, mais le ministre de l\u2019Int\u00e9rieur garde un silence bruyant, pr\u00e9f\u00e9rant r\u00e9server ses piques aux \u00e9tablissements musulmans. <\/p>\n<p><strong>Avec Francetvinfos<\/strong><\/p>\n","protected":false},"excerpt":{"rendered":"Apr\u00e8s une d\u00e9cision du tribunal administratif de Lille, le lyc\u00e9e musulman Averro\u00e8s a retrouv\u00e9 son contrat avec l\u2019\u00c9tat,&hellip;\n","protected":false},"author":2,"featured_media":55651,"comment_status":"","ping_status":"","sticky":false,"template":"","format":"standard","meta":{"footnotes":""},"categories":[2815],"tags":[1111,11,1777,674,1011,27,811,1307,15050,12,6270,25,15051],"class_list":{"0":"post-55650","1":"post","2":"type-post","3":"status-publish","4":"format-standard","5":"has-post-thumbnail","7":"category-lille","8":"tag-actu","9":"tag-actualites","10":"tag-eu","11":"tag-europe","12":"tag-fr","13":"tag-france","14":"tag-hauts-de-france","15":"tag-lille","16":"tag-lycee-musulman-averroes","17":"tag-news","18":"tag-notre-dame-de-betharram","19":"tag-republique-francaise","20":"tag-tribunal-administratif"},"share_on_mastodon":{"url":"https:\/\/pubeurope.com\/@fr\/114407198131148776","error":""},"_links":{"self":[{"href":"https:\/\/www.europesays.com\/fr\/wp-json\/wp\/v2\/posts\/55650","targetHints":{"allow":["GET"]}}],"collection":[{"href":"https:\/\/www.europesays.com\/fr\/wp-json\/wp\/v2\/posts"}],"about":[{"href":"https:\/\/www.europesays.com\/fr\/wp-json\/wp\/v2\/types\/post"}],"author":[{"embeddable":true,"href":"https:\/\/www.europesays.com\/fr\/wp-json\/wp\/v2\/users\/2"}],"replies":[{"embeddable":true,"href":"https:\/\/www.europesays.com\/fr\/wp-json\/wp\/v2\/comments?post=55650"}],"version-history":[{"count":0,"href":"https:\/\/www.europesays.com\/fr\/wp-json\/wp\/v2\/posts\/55650\/revisions"}],"wp:featuredmedia":[{"embeddable":true,"href":"https:\/\/www.europesays.com\/fr\/wp-json\/wp\/v2\/media\/55651"}],"wp:attachment":[{"href":"https:\/\/www.europesays.com\/fr\/wp-json\/wp\/v2\/media?parent=55650"}],"wp:term":[{"taxonomy":"category","embeddable":true,"href":"https:\/\/www.europesays.com\/fr\/wp-json\/wp\/v2\/categories?post=55650"},{"taxonomy":"post_tag","embeddable":true,"href":"https:\/\/www.europesays.com\/fr\/wp-json\/wp\/v2\/tags?post=55650"}],"curies":[{"name":"wp","href":"https:\/\/api.w.org\/{rel}","templated":true}]}}