{"id":556501,"date":"2025-11-25T00:36:19","date_gmt":"2025-11-25T00:36:19","guid":{"rendered":"https:\/\/www.europesays.com\/fr\/556501\/"},"modified":"2025-11-25T00:36:19","modified_gmt":"2025-11-25T00:36:19","slug":"menace-de-missiles-sur-toute-lukraine-la-russie-a-lance-cette-nuit-une-nouvelle-serie-dattaques-aeriennes","status":"publish","type":"post","link":"https:\/\/www.europesays.com\/fr\/556501\/","title":{"rendered":"\u00ab\u00a0Menace de missiles sur toute l\u2019Ukraine\u00a0\u00bb\u00a0: la Russie a lanc\u00e9 cette nuit une nouvelle s\u00e9rie d\u2019attaques a\u00e9riennes"},"content":{"rendered":"<p class=\"paragraph text_align_left lp-f-body-02\">Plusieurs s\u00e9ries d\u2019explosions ont retenti dans la capitale ukrainienne t\u00f4t mardi matin, selon des journalistes de l\u2019AFP, apr\u00e8s une alerte a\u00e9rienne d\u00e9clench\u00e9e dans tout le pays. \u00ab Il y a une menace de missiles sur toute l\u2019Ukraine \u00bb, ont pr\u00e9venu les forces a\u00e9riennes sur Telegram, le chef de l\u2019administration militaire de Kiev, Timour Tkatchenko, faisant \u00e9tat d\u2019une menace de missiles balistiques.<\/p>\n<p class=\"paragraph text_align_left lp-f-body-02\">\u00ab Des drones Shahed et des missiles de croisi\u00e8re ennemis sont dans les airs. Il y a \u00e9galement une menace de lancements de missiles balistiques et de (missiles) Kinjal \u00bb, a ajout\u00e9 ce responsable. La d\u00e9fense a\u00e9rienne est d\u00e9clench\u00e9e et \u00ab abat des cibles ennemies \u00bb, a-t-il pr\u00e9cis\u00e9 en demandant \u00e0 la population de rester dans les abris.<\/p>\n<p class=\"paragraph text_align_left lp-f-body-02\">Des journalistes de l\u2019AFP ont entendu plusieurs s\u00e9ries d\u2019explosions et des drones, tandis que plusieurs missiles ont \u00e9t\u00e9 abattus au-dessus de la capitale. Le maire de Kiev Vitali Klitschko a indiqu\u00e9 que la distribution de l\u2019eau et d\u2019\u00e9nergie \u00e9tait perturb\u00e9e dans la capitale.<\/p>\n<p class=\"paragraph text_align_left lp-f-body-02\">Une attaque russe nocturne lundi sur la ville ukrainienne de Kharkiv, dans l\u2019est du pays, avait d\u00e9j\u00e0 fait quatre morts et 17 bless\u00e9s. La Russie cible quasi quotidiennement le pays au moyen de drones ou de missiles, depuis le d\u00e9but de l\u2019invasion de l\u2019Ukraine en 2022.<\/p>\n<p class=\"paragraph text_align_left lp-f-body-02\">Les infrastructures \u00e9nerg\u00e9tiques sont particuli\u00e8rement vis\u00e9es, faisant craindre un rude hiver en Ukraine. Kiev vise de son c\u00f4t\u00e9 r\u00e9guli\u00e8rement des d\u00e9p\u00f4ts et raffineries de p\u00e9trole et d\u2019autres installations c\u00f4t\u00e9 russe.<\/p>\n<p class=\"paragraph text_align_left lp-f-body-02\">Des responsables ukrainiens, am\u00e9ricains et europ\u00e9ens se sont retrouv\u00e9s dimanche en Suisse pour discuter du plan de l\u2019administration Trump pour mettre fin au conflit en Ukraine. La version initiale du document avait suscit\u00e9 l\u2019opposition de Kiev et de ses alli\u00e9s europ\u00e9ens.<\/p>\n<p class=\"paragraph text_align_left lp-f-body-02\">Si les dirigeants ukrainiens ont salu\u00e9 lundi des avanc\u00e9es, ils ont aussi estim\u00e9 qu\u2019il fallait \u00ab beaucoup plus \u00bb pour parvenir \u00e0 une \u00ab paix r\u00e9elle \u00bb avec la Russie.<\/p>\n","protected":false},"excerpt":{"rendered":"Plusieurs s\u00e9ries d\u2019explosions ont retenti dans la capitale ukrainienne t\u00f4t mardi matin, selon des journalistes de l\u2019AFP, apr\u00e8s&hellip;\n","protected":false},"author":2,"featured_media":556502,"comment_status":"","ping_status":"","sticky":false,"template":"","format":"standard","meta":{"footnotes":""},"categories":[1591],"tags":[11,1887,14,12,1885,1886,132,220],"class_list":{"0":"post-556501","1":"post","2":"type-post","3":"status-publish","4":"format-standard","5":"has-post-thumbnail","7":"category-russie","8":"tag-actualites","9":"tag-federation-de-russie","10":"tag-international","11":"tag-news","12":"tag-russia","13":"tag-russian-federation","14":"tag-russie","15":"tag-ukraine"},"share_on_mastodon":{"url":"https:\/\/pubeurope.com\/@fr\/115607541120015685","error":""},"_links":{"self":[{"href":"https:\/\/www.europesays.com\/fr\/wp-json\/wp\/v2\/posts\/556501","targetHints":{"allow":["GET"]}}],"collection":[{"href":"https:\/\/www.europesays.com\/fr\/wp-json\/wp\/v2\/posts"}],"about":[{"href":"https:\/\/www.europesays.com\/fr\/wp-json\/wp\/v2\/types\/post"}],"author":[{"embeddable":true,"href":"https:\/\/www.europesays.com\/fr\/wp-json\/wp\/v2\/users\/2"}],"replies":[{"embeddable":true,"href":"https:\/\/www.europesays.com\/fr\/wp-json\/wp\/v2\/comments?post=556501"}],"version-history":[{"count":0,"href":"https:\/\/www.europesays.com\/fr\/wp-json\/wp\/v2\/posts\/556501\/revisions"}],"wp:featuredmedia":[{"embeddable":true,"href":"https:\/\/www.europesays.com\/fr\/wp-json\/wp\/v2\/media\/556502"}],"wp:attachment":[{"href":"https:\/\/www.europesays.com\/fr\/wp-json\/wp\/v2\/media?parent=556501"}],"wp:term":[{"taxonomy":"category","embeddable":true,"href":"https:\/\/www.europesays.com\/fr\/wp-json\/wp\/v2\/categories?post=556501"},{"taxonomy":"post_tag","embeddable":true,"href":"https:\/\/www.europesays.com\/fr\/wp-json\/wp\/v2\/tags?post=556501"}],"curies":[{"name":"wp","href":"https:\/\/api.w.org\/{rel}","templated":true}]}}