{"id":556505,"date":"2025-11-25T00:38:21","date_gmt":"2025-11-25T00:38:21","guid":{"rendered":"https:\/\/www.europesays.com\/fr\/556505\/"},"modified":"2025-11-25T00:38:21","modified_gmt":"2025-11-25T00:38:21","slug":"donald-trump-souhaite-designer-certaines-branches-des-freres-musulmans-comme-organisations-terroristes-etrangeres","status":"publish","type":"post","link":"https:\/\/www.europesays.com\/fr\/556505\/","title":{"rendered":"Donald Trump souhaite d\u00e9signer certaines branches des Fr\u00e8res musulmans comme \u00ab\u00a0organisations terroristes \u00e9trang\u00e8res\u00a0\u00bb"},"content":{"rendered":"\n<p class=\"c-chapo \">\n  Cette classification permet, outre la pression politique, de prendre une s\u00e9rie de mesures financi\u00e8res et administratives : gel des avoirs, interdiction de transactions, interdiction d&rsquo;entr\u00e9e sur le territoire am\u00e9ricain, etc.\n<\/p>\n<p>      lire plus tard<\/p>\n<p id=\"dialog__title\" class=\"dialog__title\">Pour sauvegarder cet article, connectez-vous ou cr\u00e9ez un compte franceinfo<\/p>\n<p class=\"dialog__description\">Sans paiement. Sans abonnement.<\/p>\n<p>        Fermer la fen\u00eatre d\u2019activation des notifications France Info<\/p>\n<p>      cr\u00e9er votre compte<\/p>\n<p>      se connecter<\/p>\n<p>        Fermer la fen\u00eatre de pr\u00e9sentation<\/p>\n<p>    <img loading=\"lazy\" decoding=\"async\" class=\"signature__image lazyload\" width=\"100\" height=\"100\" data- alt=\"\" src=\"https:\/\/www.europesays.com\/fr\/wp-content\/uploads\/2025\/05\/64a68815cd1a7_placeholder-36b69ec8.png\"\/><\/p>\n<p>    Publi\u00e9 le 24\/11\/2025 23:36<\/p>\n<p>        Temps de lecture : 1min<\/p>\n<p>    <img decoding=\"async\"  alt=\"Donald Trump \u00e0 Washington (Etats-Unis), le 22 novembre 2025. (JOHN MCDONNELL \/ GETTY IMAGES NORTH AMERICA \/ AFP)\" width=\"432\" height=\"243\" src=\"https:\/\/www.europesays.com\/fr\/wp-content\/uploads\/2025\/11\/063-2247361252-6924dd4717153840221160.jpg\" fetchpriority=\"high\"\/><\/p>\n<p>      Donald Trump \u00e0 Washington (Etats-Unis), le 22 novembre 2025. (JOHN MCDONNELL \/ GETTY IMAGES NORTH AMERICA \/ AFP)<\/p>\n<p>Donald Trump a sign\u00e9, lundi 24 novembre, un d\u00e9cret enclenchant un processus au terme duquel les branches des Fr\u00e8res musulmans dans certains pays doivent \u00eatre d\u00e9sign\u00e9es comme \u00ab\u00a0organisations terroristes \u00e9trang\u00e8res\u00a0\u00bb.\u00a0Le texte publi\u00e9 par la Maison Blanche note que les branches des <a href=\"https:\/\/www.franceinfo.fr\/societe\/religion\/reportage-rapport-sur-les-freres-musulmans-il-discredite-tout-le-travail-que-nous-avons-fait-depuis-15-ans-regrette-le-recteur-de-la-mosquee-de-villeurbane_7265445.html\" target=\"_blank\" rel=\"noopener\">Fr\u00e8res musulmans<\/a> \u00ab\u00a0au Liban, en Jordanie et en Egypte\u00a0\u00bb, le pays o\u00f9 ce mouvement a \u00e9t\u00e9 fond\u00e9, \u00ab\u00a0commettent ou encouragent et soutiennent des campagnes de violence et de d\u00e9stabilisation qui nuisent \u00e0 leurs propres r\u00e9gions, \u00e0 des citoyens am\u00e9ricains ou \u00e0 des int\u00e9r\u00eats am\u00e9ricains\u00a0\u00bb.<\/p>\n<p>C&rsquo;est au chef de la diplomatie Marco Rubio et au ministre des Finances Scott Bessent qu&rsquo;il reviendrait de mener \u00e0 bout le processus de d\u00e9signation. La classification comme \u00ab\u00a0organisation terroriste \u00e9trang\u00e8re\u00a0\u00bb permet, outre la pression politique, de prendre une s\u00e9rie de mesures financi\u00e8res et administratives : gel des avoirs, interdiction de transactions, interdiction d&rsquo;entr\u00e9e sur le territoire am\u00e9ricain, etc.<\/p>\n<p>La confr\u00e9rie des Fr\u00e8res musulmans, organisation transnationale implant\u00e9e dans de nombreux pays, a longtemps \u00e9t\u00e9 le principal mouvement d&rsquo;opposition en Egypte malgr\u00e9 des d\u00e9cennies de r\u00e9pression. Aujourd&rsquo;hui consid\u00e9r\u00e9e dans le pays comme une organisation \u00ab\u00a0terroriste\u00a0\u00bb, elle a \u00e9t\u00e9 ray\u00e9e du paysage politique en 2013, apr\u00e8s le bref mandat d&rsquo;un an de l&rsquo;un des leurs, Mohamed Morsi.<\/p>\n","protected":false},"excerpt":{"rendered":"Cette classification permet, outre la pression politique, de prendre une s\u00e9rie de mesures financi\u00e8res et administratives : gel&hellip;\n","protected":false},"author":2,"featured_media":556506,"comment_status":"","ping_status":"","sticky":false,"template":"","format":"standard","meta":{"footnotes":""},"categories":[1589],"tags":[11,73,1866,12,1864,1865,1863,308],"class_list":{"0":"post-556505","1":"post","2":"type-post","3":"status-publish","4":"format-standard","5":"has-post-thumbnail","7":"category-etats-unis","8":"tag-actualites","9":"tag-etats-unis","10":"tag-etats-unis-damerique","11":"tag-news","12":"tag-united-states","13":"tag-united-states-of-america","14":"tag-us","15":"tag-usa"},"share_on_mastodon":{"url":"https:\/\/pubeurope.com\/@fr\/115607549886773677","error":""},"_links":{"self":[{"href":"https:\/\/www.europesays.com\/fr\/wp-json\/wp\/v2\/posts\/556505","targetHints":{"allow":["GET"]}}],"collection":[{"href":"https:\/\/www.europesays.com\/fr\/wp-json\/wp\/v2\/posts"}],"about":[{"href":"https:\/\/www.europesays.com\/fr\/wp-json\/wp\/v2\/types\/post"}],"author":[{"embeddable":true,"href":"https:\/\/www.europesays.com\/fr\/wp-json\/wp\/v2\/users\/2"}],"replies":[{"embeddable":true,"href":"https:\/\/www.europesays.com\/fr\/wp-json\/wp\/v2\/comments?post=556505"}],"version-history":[{"count":0,"href":"https:\/\/www.europesays.com\/fr\/wp-json\/wp\/v2\/posts\/556505\/revisions"}],"wp:featuredmedia":[{"embeddable":true,"href":"https:\/\/www.europesays.com\/fr\/wp-json\/wp\/v2\/media\/556506"}],"wp:attachment":[{"href":"https:\/\/www.europesays.com\/fr\/wp-json\/wp\/v2\/media?parent=556505"}],"wp:term":[{"taxonomy":"category","embeddable":true,"href":"https:\/\/www.europesays.com\/fr\/wp-json\/wp\/v2\/categories?post=556505"},{"taxonomy":"post_tag","embeddable":true,"href":"https:\/\/www.europesays.com\/fr\/wp-json\/wp\/v2\/tags?post=556505"}],"curies":[{"name":"wp","href":"https:\/\/api.w.org\/{rel}","templated":true}]}}