{"id":556510,"date":"2025-11-25T00:42:51","date_gmt":"2025-11-25T00:42:51","guid":{"rendered":"https:\/\/www.europesays.com\/fr\/556510\/"},"modified":"2025-11-25T00:42:51","modified_gmt":"2025-11-25T00:42:51","slug":"menace-dune-guerre-en-europe-le-spectre-de-la-defaite-anticipee-fait-son-retour","status":"publish","type":"post","link":"https:\/\/www.europesays.com\/fr\/556510\/","title":{"rendered":"Menace d\u2019une guerre en Europe\u00a0: \u201cLe spectre de la d\u00e9faite anticip\u00e9e fait son retour\u201d"},"content":{"rendered":"<p><strong>\u00ab\u00a0Alors que Trump et Poutine s\u2019appr\u00eatent \u00e0 sceller le sort de l\u2019Ukraine \u2013<\/strong> et demain peut-\u00eatre de l\u2019Europe \u2013 par-dessus le dos des int\u00e9ress\u00e9s, ici m\u00eame, dans le confort de la paix et de la s\u00e9curit\u00e9, certains refusent l\u2019id\u00e9e que nous devrions nous pr\u00e9parer \u00e0 d\u00e9fendre nos fronti\u00e8res et nos libert\u00e9s, au prix de la vie. Oubliant ainsi la grande le\u00e7on qu\u2019un <strong>Marc Bloch<\/strong> ou un <strong>Merleau-Ponty<\/strong> avaient tir\u00e9e au lendemain de la Seconde Guerre mondiale.<\/p>\n<p>\u201cNous ne sommes pas pr\u00eats\u201d<\/p>\n<p class=\"p1\"><strong>\u201cCe qu\u2019il nous manque c\u2019est la force d\u2019\u00e2me pour accepter de nous faire mal pour prot\u00e9ger ce que l\u2019on est.<\/strong> Si notre pays flanche parce qu\u2019il n\u2019est pas pr\u00eat \u00e0 accepter de perdre ses enfants, de souffrir \u00e9conomiquement, parce que les priorit\u00e9s iront \u00e0 de la production d\u00e9fense, alors on est en risque.\u201d Sans doute maladroit (le terme \u201cd\u2019enfant\u201d dans le vocabulaire militaire d\u00e9signe les soldats et non les mineurs, pensons \u00e0 l\u2019entame de La Marseillaise\u00a0!), l\u2019avertissement lanc\u00e9 par le chef d\u2019\u00e9tat-major des arm\u00e9es <strong>Fabien Mandon<\/strong>, lors du congr\u00e8s des maires de France la semaine derni\u00e8re, \u00e9tait destin\u00e9 \u00e0 alerter sur la menace d\u2019une attaque russe contre l\u2019Europe et la n\u00e9cessit\u00e9 de se pr\u00e9parer \u00e0 un tel affrontement.<\/p>\n<p class=\"alt\">\u27a4 <strong>Vous lisez actuellement la Lettre de la r\u00e9daction de <\/strong><strong>Philosophie magazine<\/strong><strong>. <\/strong><a href=\"https:\/\/www.philomag.com\/newsletters\" target=\"_blank\" rel=\"noopener\"><strong>Pour la recevoir directement dans votre bo\u00eete mail, abonnez-vous\u00a0!<\/strong><\/a><strong> Cette <\/strong><strong>newsletter<\/strong><strong> est quotidienne et gratuite.<\/strong><\/p>\n<p>Les r\u00e9actions\u00a0: un \u00e9trange renoncement anticip\u00e9<\/p>\n<p class=\"p1\"><strong>Tomb\u00e9s quelques jours avant l\u2019annonce du plan en forme de capitulation de Donald Trump pour l\u2019Ukraine, <\/strong>ces propos ont provoqu\u00e9 une vague de r\u00e9actions\u2026 n\u00e9gatives. Depuis <strong>Jean-Luc M\u00e9lenchon<\/strong> faisant part de son \u201cd\u00e9saccord total\u201d vis-\u00e0-vis de \u201cpr\u00e9parations guerri\u00e8res d\u00e9cid\u00e9es par personne\u201d jusqu\u2019au RN, o\u00f9 l\u2019on d\u00e9non\u00e7ait une \u201cfaute\u201d, en passant par <strong>Philippe De Villiers<\/strong>,<strong> <\/strong>qui faisait part de sa \u201chonte\u201d et appelait \u00e0 \u201cse concentrer sur la France, ses fronti\u00e8res et sa souverainet\u00e9\u201d o\u00f9 \u201cnos enfants se font d\u00e9j\u00e0 tuer dans nos banlieues\u201d\u2026 M\u00eame la porte-parole du gouvernement, <strong>Maud Bregeon<\/strong>, a cru utile de recadrer Fabien Mandon, rappelant que la France dispose d\u2019une arm\u00e9e de m\u00e9tier et qu\u2019en cons\u00e9quence, \u201cnos enfants, au sens o\u00f9 on l\u2019entend, ne vont pas aller combattre et mourir en Ukraine\u201d. Autrement dit\u00a0: ne vous projetez pas dans la possibilit\u00e9 de la guerre, elle concerne les Ukrainiens en Ukraine, et si affrontement il devait y avoir sur le sol europ\u00e9en et m\u00eame fran\u00e7ais, il ne concernerait que nos soldats\u2026 qui ne sont pas nos enfants. \u00c9trange renoncement anticip\u00e9, me suis-je dit, en entendant ces r\u00e9actions en cha\u00eene et alors que l\u2019on d\u00e9couvrait l\u2019ampleur des concessions que <strong>Donald Trump<\/strong> s\u2019appr\u00eate \u00e0 faire \u00e0 <strong>Vladimir Poutine<\/strong> avec son plan de paix en 28 points (mais qui est, apparemment, <a href=\"https:\/\/www.liberation.fr\/international\/europe\/ukraine-une-nouvelle-version-du-plan-de-paix-americain-redigee-pour-respecter-pleinement-la-souverainete-de-kyiv-20251124_UDPY5AJYSVAIDLFB3IYAAOR6JU\/\" target=\"_blank\" rel=\"noopener\">quand m\u00eame en cours de r\u00e9\u00e9criture<\/a>) et la pression qu\u2019il exerce sur les Ukrainiens et les Europ\u00e9ens pour qu\u2019ils battent en retraite. Et si la d\u00e9faite, que le chef d\u2019\u00e9tat-major des arm\u00e9es redoute pour l\u2019avenir, avait en r\u00e9alit\u00e9 d\u00e9j\u00e0 eu lieu\u00a0?<\/p>\n<p>Entre aveuglement et m\u00e9moire courte\u00a0?<\/p>\n<p class=\"p1\"><strong>\u201cNous avions secr\u00e8tement r\u00e9solu d\u2019ignorer la violence et le malheur comme \u00e9l\u00e9ments de l\u2019histoire, <\/strong>parce que nous vivions dans un pays trop heureux et trop faible pour les envisager.\u201d Voil\u00e0 le constat que faisait <a href=\"https:\/\/www.philomag.com\/philosophes\/maurice-merleau-ponty\" target=\"_blank\" rel=\"noopener\"><strong>Maurice Merleau-Ponty<\/strong><\/a> en juin 1945 dans l\u2019\u00e9ditorial du premier num\u00e9ro des Temps modernes, la revue qu\u2019il fondait alors avec <a href=\"https:\/\/www.philomag.com\/philosophes\/jean-paul-sartre\" target=\"_blank\" rel=\"noopener\"><strong>Sartre<\/strong><\/a> et <a href=\"https:\/\/www.philomag.com\/philosophes\/simone-de-beauvoir\" target=\"_blank\" rel=\"noopener\"><strong>Beauvoir<\/strong><\/a>, au nom de la responsabilit\u00e9 retrouv\u00e9e. Intitul\u00e9 \u201cLa guerre a eu lieu\u201d, ce texte revient sur les illusions pacifistes dont s\u2019\u00e9taient berc\u00e9s une majorit\u00e9 de Fran\u00e7ais et d\u2019intellectuels qui n\u2019avaient pas voulu voir venir l\u2019hitl\u00e9risme et la guerre \u00e0 la fin des ann\u00e9es 30. \u201cNous habitions un certain lieu de paix, d\u2019exp\u00e9rience et de libert\u00e9, form\u00e9 par une r\u00e9union de circonstances exceptionnelles, et nous ne savions pas que ce fut l\u00e0 un sol \u00e0 d\u00e9fendre, nous pensions que c\u2019\u00e9tait le lot naturel des hommes\u2026 Habitu\u00e9s depuis notre enfance \u00e0 manier la libert\u00e9 et \u00e0 vivre une vie personnelle, comment aurions-nous su que c\u2019\u00e9taient l\u00e0 des acquisitions difficiles, comment aurions-nous appris \u00e0 engager notre libert\u00e9 pour la conserver\u00a0? Nous \u00e9tions des consciences nues en face du monde. Comment aurions-nous su que cet individualisme et cet universalisme avaient leur place sur la carte\u00a0?\u201d Et Merleau-Ponty d\u2019inviter \u00e0 tirer des cinq ann\u00e9es de guerre et d\u2019occupation plus qu\u2019une piq\u00fbre de rappel r\u00e9aliste, une le\u00e7on philosophique\u00a0: \u201cOn n\u2019est pas libre seul.\u201d<\/p>\n<p>Une d\u00e9faite avant tout intellectuelle<\/p>\n<p class=\"p1\"><strong>En 1946, <\/strong>quelques mois apr\u00e8s l\u2019\u00e9ditorial de Merleau-Ponty, paraissait \u00e0 titre posthume L\u2019\u00c9trange D\u00e9faite, le testament de l\u2019historien-r\u00e9sistant <strong>Marc Bloch<\/strong>, tortur\u00e9 et fusill\u00e9 par la Gestapo en juin 44 apr\u00e8s s\u2019\u00eatre engag\u00e9 dans la r\u00e9sistance et avoir combattu dans la dr\u00f4le de guerre. Dans ce \u201cproc\u00e8s-verbal de l\u2019an 40\u201d, r\u00e9dig\u00e9 entre juillet et septembre de la m\u00eame ann\u00e9e, Bloch prend acte, lui aussi, du renoncement \u00e0 combattre qui a pr\u00e9c\u00e9d\u00e9 la capitulation fran\u00e7aise. C\u2019est selon lui la cause premi\u00e8re, intellectuelle et morale, et pas seulement politique et militaire, du d\u00e9sastre. \u201cLe triomphe des Allemands fut, essentiellement, une victoire intellectuelle et c\u2019est peut-\u00eatre l\u00e0 ce qu\u2019il y a eu en lui de plus grave.\u201d Ou encore\u00a0: \u201cCe fut la mar\u00e9e montante d\u2019un d\u00e9sespoir qui, au lieu d\u2019aiguillonner \u00e0 l\u2019action, semblait chercher son refuge dans une sorte de paresse somnolente.\u201d Un d\u00e9couragement collectif et pas seulement une carence de ressources\u00a0: \u201cAu fond de leur c\u0153ur, ils \u00e9taient pr\u00eats, d\u2019avance, \u00e0 d\u00e9sesp\u00e9rer du pays m\u00eame qu\u2019ils avaient \u00e0 d\u00e9fendre et du peuple qui leur fournissait leurs soldats.\u201d Et d\u2019enfoncer le clou\u00a0: \u201cQuelque chose a manqu\u00e9 de l\u2019implacable h\u00e9ro\u00efsme de la patrie en danger.\u201d Pour Merleau-Ponty, c\u2019est la croyance na\u00efve et dangereuse que la libert\u00e9 et la paix sont des acquis universels et non \u201cun sol \u00e0 d\u00e9fendre\u201d qui a pr\u00e9cipit\u00e9 la d\u00e9faite. Pour Bloch, c\u2019est, outre la fragmentation de la soci\u00e9t\u00e9 en classes antagonistes, une forme de d\u00e9sesp\u00e9rance collective. En entendant la sortie du chef d\u2019\u00e9tat-major Fabien Mandon et le rejet quasi unanime dont elle a fait l\u2019objet, alors que la guerre en Europe menace, j\u2019ai eu le sentiment que le spectre de la d\u00e9faite anticip\u00e9e faisait lui aussi retour.\u00a0<strong>\u00bb<\/strong><\/p>\n","protected":false},"excerpt":{"rendered":"\u00ab\u00a0Alors que Trump et Poutine s\u2019appr\u00eatent \u00e0 sceller le sort de l\u2019Ukraine \u2013 et demain peut-\u00eatre de l\u2019Europe&hellip;\n","protected":false},"author":2,"featured_media":556511,"comment_status":"","ping_status":"","sticky":false,"template":"","format":"standard","meta":{"footnotes":""},"categories":[1586],"tags":[11,1777,674,1011,27,1146,12,25],"class_list":{"0":"post-556510","1":"post","2":"type-post","3":"status-publish","4":"format-standard","5":"has-post-thumbnail","7":"category-europe","8":"tag-actualites","9":"tag-eu","10":"tag-europe","11":"tag-fr","12":"tag-france","13":"tag-guerre","14":"tag-news","15":"tag-republique-francaise"},"share_on_mastodon":{"url":"https:\/\/pubeurope.com\/@fr\/115607568552617836","error":""},"_links":{"self":[{"href":"https:\/\/www.europesays.com\/fr\/wp-json\/wp\/v2\/posts\/556510","targetHints":{"allow":["GET"]}}],"collection":[{"href":"https:\/\/www.europesays.com\/fr\/wp-json\/wp\/v2\/posts"}],"about":[{"href":"https:\/\/www.europesays.com\/fr\/wp-json\/wp\/v2\/types\/post"}],"author":[{"embeddable":true,"href":"https:\/\/www.europesays.com\/fr\/wp-json\/wp\/v2\/users\/2"}],"replies":[{"embeddable":true,"href":"https:\/\/www.europesays.com\/fr\/wp-json\/wp\/v2\/comments?post=556510"}],"version-history":[{"count":0,"href":"https:\/\/www.europesays.com\/fr\/wp-json\/wp\/v2\/posts\/556510\/revisions"}],"wp:featuredmedia":[{"embeddable":true,"href":"https:\/\/www.europesays.com\/fr\/wp-json\/wp\/v2\/media\/556511"}],"wp:attachment":[{"href":"https:\/\/www.europesays.com\/fr\/wp-json\/wp\/v2\/media?parent=556510"}],"wp:term":[{"taxonomy":"category","embeddable":true,"href":"https:\/\/www.europesays.com\/fr\/wp-json\/wp\/v2\/categories?post=556510"},{"taxonomy":"post_tag","embeddable":true,"href":"https:\/\/www.europesays.com\/fr\/wp-json\/wp\/v2\/tags?post=556510"}],"curies":[{"name":"wp","href":"https:\/\/api.w.org\/{rel}","templated":true}]}}