{"id":556523,"date":"2025-11-25T00:55:13","date_gmt":"2025-11-25T00:55:13","guid":{"rendered":"https:\/\/www.europesays.com\/fr\/556523\/"},"modified":"2025-11-25T00:55:13","modified_gmt":"2025-11-25T00:55:13","slug":"trois-arrivees-a-la-breizh-ladies-actualite","status":"publish","type":"post","link":"https:\/\/www.europesays.com\/fr\/556523\/","title":{"rendered":"Trois arriv\u00e9es \u00e0 la Breizh Ladies &#8211; Actualit\u00e9"},"content":{"rendered":"<p style=\"text-align: justify;\">La Breizh Ladies annonce l&rsquo;arriv\u00e9e de trois Juniors dans la N1 pour l&rsquo;ann\u00e9e prochaine. Il s&rsquo;agit d&rsquo;Eloane Lebreton (VC Pays de Loud\u00e9ac), Laly Pichon (VTT Pays de Vilaine) et Il\u00e9na Simon (Cyclisme Langueux Tr\u00e9gueux).<\/p>\n<p>Eloane Lebreton, 16 ans, 16e du Championnat de France Minimes-Cadettes se distingue en cyclo-cross. Elle s&rsquo;est class\u00e9e 4e du Championnat de France Cadettes \u00e0 Pontch\u00e2teau en janvier dernier. Depuis le d\u00e9but de l&rsquo;hiver, elle a termin\u00e9 deux fois 5e d&rsquo;une manche de Coupe de France \u00e0 Albi et Quelneuc.<\/p>\n<p>Laly Pichon -notre photo-, 17 ans, brille en cyclo-cross. Elle a gagn\u00e9 les deux manches d&rsquo;Albi et termine 2e des deux de Quelneuc. Elle vient de terminer 4e du Championnat d&rsquo;Europe Juniors Femmes. Sur route, elle s&rsquo;est class\u00e9e 16e du Championnat de France Juniors Femmes.\u00a0<\/p>\n<p>Ilena Simon, 16 ans, est vice-Championne de France Cadette contre-la-montre et 6e de la course en ligne.\u00a0 Pensionnaire du p\u00f4le de Bourges depuis septembre 2024, la Costarmoricaine est devenue Championne de France de l&rsquo;Am\u00e9ricaine avec Pauline Jaffr\u00e9 et vice-Championne de France de l&rsquo;Omnium et de la course aux points.<\/p>\n<p>Suivez toutes les mutations de l&rsquo;hiver <a href=\"https:\/\/www.directvelo.com\/mutations\/2026#teams-women\" target=\"_blank\" rel=\"noopener\"><strong>en cliquant ici<\/strong><\/a>.\u00a0<\/p>\n","protected":false},"excerpt":{"rendered":"La Breizh Ladies annonce l&rsquo;arriv\u00e9e de trois Juniors dans la N1 pour l&rsquo;ann\u00e9e prochaine. Il s&rsquo;agit d&rsquo;Eloane Lebreton&hellip;\n","protected":false},"author":2,"featured_media":556524,"comment_status":"","ping_status":"","sticky":false,"template":"","format":"standard","meta":{"footnotes":""},"categories":[1411],"tags":[834,828,836,829,837,827,83,826,824,823,1154,207,814,817,815,816,822,821,832,211,839,1011,27,820,818,819,835,831,830,833,838,60,212,208,825],"class_list":{"0":"post-556523","1":"post","2":"type-post","3":"status-publish","4":"format-standard","5":"has-post-thumbnail","7":"category-cyclisme","8":"tag-attaque","9":"tag-belgique","10":"tag-braquet","11":"tag-bretagne","12":"tag-chute","13":"tag-competition","14":"tag-coupe-de-france","15":"tag-coureur","16":"tag-course-cyclisme","17":"tag-course-cycliste","18":"tag-cycling","19":"tag-cyclisme","20":"tag-direct","21":"tag-direct-velo","22":"tag-directvelo","23":"tag-directvelo-com","24":"tag-epreuve","25":"tag-epreuve-cycliste","26":"tag-federation-francaise-de-cyclisme","27":"tag-ffc","28":"tag-flandres","29":"tag-fr","30":"tag-france","31":"tag-live","32":"tag-live-course","33":"tag-live-epreuve","34":"tag-peloton","35":"tag-radio-peloton","36":"tag-radio-tour","37":"tag-ravitaillement","38":"tag-relance","39":"tag-sports","40":"tag-uci","41":"tag-velo","42":"tag-velos"},"share_on_mastodon":{"url":"https:\/\/pubeurope.com\/@fr\/115607615949081693","error":""},"_links":{"self":[{"href":"https:\/\/www.europesays.com\/fr\/wp-json\/wp\/v2\/posts\/556523","targetHints":{"allow":["GET"]}}],"collection":[{"href":"https:\/\/www.europesays.com\/fr\/wp-json\/wp\/v2\/posts"}],"about":[{"href":"https:\/\/www.europesays.com\/fr\/wp-json\/wp\/v2\/types\/post"}],"author":[{"embeddable":true,"href":"https:\/\/www.europesays.com\/fr\/wp-json\/wp\/v2\/users\/2"}],"replies":[{"embeddable":true,"href":"https:\/\/www.europesays.com\/fr\/wp-json\/wp\/v2\/comments?post=556523"}],"version-history":[{"count":0,"href":"https:\/\/www.europesays.com\/fr\/wp-json\/wp\/v2\/posts\/556523\/revisions"}],"wp:featuredmedia":[{"embeddable":true,"href":"https:\/\/www.europesays.com\/fr\/wp-json\/wp\/v2\/media\/556524"}],"wp:attachment":[{"href":"https:\/\/www.europesays.com\/fr\/wp-json\/wp\/v2\/media?parent=556523"}],"wp:term":[{"taxonomy":"category","embeddable":true,"href":"https:\/\/www.europesays.com\/fr\/wp-json\/wp\/v2\/categories?post=556523"},{"taxonomy":"post_tag","embeddable":true,"href":"https:\/\/www.europesays.com\/fr\/wp-json\/wp\/v2\/tags?post=556523"}],"curies":[{"name":"wp","href":"https:\/\/api.w.org\/{rel}","templated":true}]}}