{"id":556535,"date":"2025-11-25T01:03:23","date_gmt":"2025-11-25T01:03:23","guid":{"rendered":"https:\/\/www.europesays.com\/fr\/556535\/"},"modified":"2025-11-25T01:03:23","modified_gmt":"2025-11-25T01:03:23","slug":"lintermediaire-critique-dune-conversation-secrete","status":"publish","type":"post","link":"https:\/\/www.europesays.com\/fr\/556535\/","title":{"rendered":"L&rsquo;Interm\u00e9diaire : critique d&rsquo;une conversation secr\u00e8te"},"content":{"rendered":"<p>        Relay sans Bollor\u00e9<\/p>\n<p><strong>L\u2019Interm\u00e9diaire<\/strong> pr\u00e9sente d\u00e8s le d\u00e9but une certaine humilit\u00e9 : sa longue prise introductive \u00e9vite le plan-s\u00e9quence clinquant, et lui pr\u00e9f\u00e8re une mise en tension strat\u00e9gique, qui suit un personnage entrer dans un diner, dans l\u2019attente d\u2019un rendez-vous.<\/p>\n<p>Ce qui compte ici, c\u2019est la clart\u00e9 de la topographie, \u00e0 commencer par cette table au bord d\u2019une vitrine qui permet d\u2019observer le monde ext\u00e9rieur, quitte \u00e0 \u00eatre vu. En somme, tout le danger de (trop) voir dans un thriller parano\u00efaque. <strong>David Mackenzie se veut discret mais pr\u00e9cis, \u00e0 l\u2019image de son personnage principal<\/strong>, Tom, un \u00ab\u00a0fixer\u00a0\u00bb qui organise des n\u00e9gociations entre des entreprises corrompues et des lanceurs d\u2019alerte en devenir, qui pr\u00e9f\u00e8rent r\u00e9trop\u00e9daler pour prot\u00e9ger leur vie.<\/p>\n<p>C\u2019est le cas de Sarah Grant, une chercheuse qui souhaite rendre un dossier prouvant une tentative de dissimulation venant du g\u00e9ant de la biotech qui l\u2019avait embauch\u00e9e. Faute d\u2019une aide l\u00e9gale, on l\u2019oriente vers ce syst\u00e8me officieux, o\u00f9 la communication se fait int\u00e9gralement par le Tri-State Relay, <strong>un centre relais t\u00e9l\u00e9phonique pour sourds et malentendants<\/strong>. Tom s\u2019exprime par un clavier li\u00e9 \u00e0 son portable pour ne r\u00e9v\u00e9ler ni sa voix ni sa position, et ses propos sont lus par l\u2019un des \u00ab\u00a0interm\u00e9diaires\u00a0\u00bb du titre. <\/p>\n<p><a href=\"https:\/\/www.ecranlarge.com\/content\/uploads\/2025\/11\/436t8clwmxxabkwexuswqucv834.jpg\" target=\"_blank\" rel=\"noopener\"><\/p>\n<p><img loading=\"lazy\" decoding=\"async\" alt=\"l'interm\u00e9diaire\" src=\"https:\/\/www.europesays.com\/fr\/wp-content\/uploads\/2025\/11\/436t8clwmxxabkwexuswqucv834-1260x709.jpg\" width=\"1260\" height=\"709\"  \/><\/p>\n<p><\/a>\u00ab\u00a0Aujourd\u2019hui, tuto pour cacher sa webcam\u00a0\u00bb<\/p>\n<p>Une fois apprivois\u00e9es par Sarah, ces circonvolutions et ces filtres de la parole fascinent dans ce qu\u2019ils r\u00e9v\u00e8lent ou non des deux interlocuteurs et de ce narrateur externe, qui change \u00e0 chaque appel.<strong> L\u2019Interm\u00e9diaire<\/strong> <strong>est tout d\u2019abord un film de langage et de silences<\/strong>, dont la froideur du dispositif n\u2019emp\u00eache pas totalement les \u00e9motions de passer ses multiples barri\u00e8res. Sa premi\u00e8re partie (la plus passionnante) r\u00e9ussit \u00e0 habiter la m\u00e9ticulosit\u00e9 de Tom et le rythme hypnotique de ses gestes, qui ancrent la r\u00e9p\u00e9titivit\u00e9 de son quotidien. <\/p>\n<p>Il y a \u00e9videmment du Coppola et du Pakula l\u00e0-dedans, et <strong>Mackenzie impressionne par sa gestion de l\u2019architecture new-yorkaise<\/strong>, qu\u2019il filme les art\u00e8res de la ville ou la foule \u00e9touffante de Times Square. Les appartements de ses deux h\u00e9ros sont approch\u00e9s pour leurs angles droits marqu\u00e9s, faisant d\u2019abord des murs ces rares forteresses de l\u2019intimit\u00e9. \u00c0 moins qu\u2019il ne s\u2019agisse au contraire d\u2019\u0153ill\u00e8res qui bloquent leur regard.<\/p>\n<p><a href=\"https:\/\/www.ecranlarge.com\/content\/uploads\/2025\/11\/1ljhfjnznknnepquex9hud1xvap.jpg\" target=\"_blank\" rel=\"noopener\"><\/p>\n<p><img loading=\"lazy\" decoding=\"async\" alt=\"\" src=\"https:\/\/www.europesays.com\/fr\/wp-content\/uploads\/2025\/11\/1ljhfjnznknnepquex9hud1xvap-1260x709.jpg\" width=\"1260\" height=\"709\"  \/><\/p>\n<p><\/a>Here We Go AgainAppel d\u2019air<\/p>\n<p>Loin du c\u00f4t\u00e9 tentaculaire et ind\u00e9fini des films des ann\u00e9es 70, <strong>L\u2019Interm\u00e9diaire<\/strong> a des menaces concr\u00e8tes, qui ne se cachent plus d\u2019avoir un visage. De ce point de vue l\u00e0, le film assoit sa modernit\u00e9 en captant l\u2019air du temps, et cette d\u00e9sillusion collective envers les grands entrepreneurs et les PDG de corporations surpuissantes, dont on ne doute jamais du potentiel machiav\u00e9lique. Justement, la r\u00e9sistance \u00e0 ce monde de techno bros et de privatisation \u00e0 outrance passe d\u2019une part par l\u2019analogique, mais surtout <strong>par l\u2019emploi des rares services \u00ab\u00a0publics\u00a0\u00bb encore \u00e0 disposition des Am\u00e9ricains.<\/strong><\/p>\n<p>Au-del\u00e0 du Tri-State Relay, Tom fait appel aux services postaux gouvernementaux, dont les r\u00e8gles strictes et le respect de la vie priv\u00e9e prot\u00e8gent sa m\u00e9thodologie. Cette mise en perspective rend le long-m\u00e9trage plus malin qu\u2019il n\u2019y para\u00eet, bien qu\u2019il reste au fond <strong>un tout petit thriller, qui doit beaucoup \u00e0 Riz Ahmed et Lily James<\/strong>. <\/p>\n<p><a href=\"https:\/\/www.ecranlarge.com\/content\/uploads\/2025\/11\/xes2andxlnejznpkbh6wj3fy7e0.jpg\" target=\"_blank\" rel=\"noopener\"><\/p>\n<p><img loading=\"lazy\" decoding=\"async\" alt=\"\" src=\"https:\/\/www.europesays.com\/fr\/wp-content\/uploads\/2025\/11\/xes2andxlnejznpkbh6wj3fy7e0-1260x709.jpg\" width=\"1260\" height=\"709\"  \/><\/p>\n<p><\/a>Jake Sully vient passer une t\u00eate<\/p>\n<p>Leur alchimie \u00e0 distance nous fait accepter les \u00e9vidences du r\u00e9cit sur la profonde solitude de son protagoniste mutique. Malgr\u00e9 quelques parenth\u00e8ses o\u00f9 le sc\u00e9nario permet de sonder ses failles, l\u2019ensemble reste relativement superficiel.<\/p>\n<p>On reprochera surtout que <strong>L\u2019Interm\u00e9diaire<\/strong> l\u00e2che sa structure volontairement rigide au profit d\u2019un retour sur <strong>les bons rails du film \u00e0 twist assez d\u00e9cevant et grossier<\/strong>. Si la m\u00e9canique implacable de Tom ne peut que se gripper, le long-m\u00e9trage aurait pu explorer ces petites erreurs in\u00e9vitables avec plus de subtilit\u00e9. <\/p>\n<p><img loading=\"lazy\" decoding=\"async\" width=\"810\" height=\"1080\" alt=\"\" src=\"https:\/\/www.europesays.com\/fr\/wp-content\/uploads\/2025\/11\/4b3317b3a1a49e865d5a850e8a399ee2.jpg\"  \/><\/p>\n","protected":false},"excerpt":{"rendered":"Relay sans Bollor\u00e9 L\u2019Interm\u00e9diaire pr\u00e9sente d\u00e8s le d\u00e9but une certaine humilit\u00e9 : sa longue prise introductive \u00e9vite le&hellip;\n","protected":false},"author":2,"featured_media":556536,"comment_status":"","ping_status":"","sticky":false,"template":"","format":"standard","meta":{"footnotes":""},"categories":[1354],"tags":[58,59,1346,1011,27,1360],"class_list":{"0":"post-556535","1":"post","2":"type-post","3":"status-publish","4":"format-standard","5":"has-post-thumbnail","7":"category-films","8":"tag-divertissement","9":"tag-entertainment","10":"tag-films","11":"tag-fr","12":"tag-france","13":"tag-movies"},"share_on_mastodon":{"url":"https:\/\/pubeurope.com\/@fr\/115607648109458575","error":""},"_links":{"self":[{"href":"https:\/\/www.europesays.com\/fr\/wp-json\/wp\/v2\/posts\/556535","targetHints":{"allow":["GET"]}}],"collection":[{"href":"https:\/\/www.europesays.com\/fr\/wp-json\/wp\/v2\/posts"}],"about":[{"href":"https:\/\/www.europesays.com\/fr\/wp-json\/wp\/v2\/types\/post"}],"author":[{"embeddable":true,"href":"https:\/\/www.europesays.com\/fr\/wp-json\/wp\/v2\/users\/2"}],"replies":[{"embeddable":true,"href":"https:\/\/www.europesays.com\/fr\/wp-json\/wp\/v2\/comments?post=556535"}],"version-history":[{"count":0,"href":"https:\/\/www.europesays.com\/fr\/wp-json\/wp\/v2\/posts\/556535\/revisions"}],"wp:featuredmedia":[{"embeddable":true,"href":"https:\/\/www.europesays.com\/fr\/wp-json\/wp\/v2\/media\/556536"}],"wp:attachment":[{"href":"https:\/\/www.europesays.com\/fr\/wp-json\/wp\/v2\/media?parent=556535"}],"wp:term":[{"taxonomy":"category","embeddable":true,"href":"https:\/\/www.europesays.com\/fr\/wp-json\/wp\/v2\/categories?post=556535"},{"taxonomy":"post_tag","embeddable":true,"href":"https:\/\/www.europesays.com\/fr\/wp-json\/wp\/v2\/tags?post=556535"}],"curies":[{"name":"wp","href":"https:\/\/api.w.org\/{rel}","templated":true}]}}