{"id":556537,"date":"2025-11-25T01:04:12","date_gmt":"2025-11-25T01:04:12","guid":{"rendered":"https:\/\/www.europesays.com\/fr\/556537\/"},"modified":"2025-11-25T01:04:12","modified_gmt":"2025-11-25T01:04:12","slug":"vih-70-nouveaux-cas-en-2024-malgre-la-prevention-la-maladie-gagne-du-terrain-a-la-reunion","status":"publish","type":"post","link":"https:\/\/www.europesays.com\/fr\/556537\/","title":{"rendered":"VIH\u00a0: 70 nouveaux cas en 2024, malgr\u00e9 la pr\u00e9vention, la maladie gagne du terrain \u00e0 La R\u00e9union"},"content":{"rendered":"<p>Le VIH progresse de mani\u00e8re inqui\u00e9tante dans l\u2019Oc\u00e9an Indien. Explosion des infections dans les \u00eeles voisines. Record de nouveaux cas atteint \u00e0 La R\u00e9union en 2024 et la tendance continue \u00e0 grimper cette ann\u00e9e.<\/p>\n<p style=\"text-align: justify;\">Le VIH regagne du terrain \u00e0 La R\u00e9union\/ comme dans tout l\u2019oc\u00e9an indien. Une progression silencieuse, mais bien r\u00e9elle.\u00a0Ici beaucoup l\u2019admettent\u00a0: la pr\u00e9vention n\u2019est pas suffisante. \u00ab\u00a0Nous avons \u00e9t\u00e9 pr\u00e9venus, les \u00c9tats ont \u00e9t\u00e9 financ\u00e9s, mais les gens s\u2019en fichent\u00a0\u00bb ou encore \u00ab\u00a0malgr\u00e9 les d\u00e9pistages, je ne comprends pas comment la maladie peut revenir\u00a0\u00bb, r\u00e9agissent des passants.\u00a0<\/p>\n<p style=\"text-align: justify;\">Les chiffres confirment la tendance. Sur l\u2019\u00eele\u00a0:\u00a070 nouveaux cas rien qu\u2019en 2024, dont 9 personnes diagnostiqu\u00e9es directement au stade SIDA. En 2025, les chiffres continuent d\u2019augmenter. Plus d\u2019un patient sur deux est contamin\u00e9 par voie h\u00e9t\u00e9rosexuelle.\u00a0\u00c0 travers une lettre ouverte, l\u2019association Ravane alerte et appelle \u00e0 un engagement clair. \u00ab\u00a0On demande un renforcement du d\u00e9pistage communautaire. On demande que l\u2019on renforce la pr\u00e9vention. Nous sommes la r\u00e9gion o\u00f9 il y a le plus de r\u00e9plication du virus dans l\u2019oc\u00e9an Indien et la situation est dramatique pour Madagascar, pour Maurice, pour les Comores. Elle est moindre chez nous. On a quand m\u00eame doubl\u00e9 en deux ans le nombre de s\u00e9ropositifs\u00a0\u00bb, d\u00e9taille Robert Ferrand, vice-pr\u00e9sident de l\u2019ONG Ravane oc\u00e9an Indien.\u00a0<\/p>\n<p style=\"text-align: justify;\">Autour de nous, la situation est encore plus critique. Aux Seychelles, 10\u00a0% de la population consomme des drogues injectables. \u00c0 Maurice, la pr\u00e9valence atteint 21\u00a0% chez les usagers de drogues, 14\u00a0% chez les travailleurs du sexe, 28\u00a0% chez les personnes transgenres.\u00a0Aux Comores, l\u2019\u00e9pid\u00e9mie explose\u00a0: 74 nouveaux cas depuis janvier, d\u00e9j\u00e0 4 d\u00e9c\u00e8s. \u00c0 Madagascar, les nouvelles infections ont bondi de 151\u00a0% en quinze ans.<\/p>\n<p style=\"text-align: justify;\">Les associations appellent \u00e0 une mobilisation r\u00e9gionale imm\u00e9diate\u00a0: plus de d\u00e9pistage, plus de pr\u00e9vention, plus de moyens. Car fermer les yeux aujourd\u2019hui, c\u2019est laisser le VIH se propager en silence dans tout l\u2019oc\u00e9an Indien.<\/p>\n<p style=\"text-align: justify;\">\u00a0<\/p>\n","protected":false},"excerpt":{"rendered":"Le VIH progresse de mani\u00e8re inqui\u00e9tante dans l\u2019Oc\u00e9an Indien. Explosion des infections dans les \u00eeles voisines. Record de&hellip;\n","protected":false},"author":2,"featured_media":556538,"comment_status":"","ping_status":"","sticky":false,"template":"","format":"standard","meta":{"footnotes":""},"categories":[10],"tags":[328,47,1011,27,72,6335,1922,6336,7224,71,104],"class_list":{"0":"post-556537","1":"post","2":"type-post","3":"status-publish","4":"format-standard","5":"has-post-thumbnail","7":"category-sante","8":"tag-a-la-une","9":"tag-actualite","10":"tag-fr","11":"tag-france","12":"tag-health","13":"tag-home-page","14":"tag-info","15":"tag-la-reunion","16":"tag-newsletter-soir","17":"tag-sante","18":"tag-societe"},"share_on_mastodon":{"url":"https:\/\/pubeurope.com\/@fr\/115607651247322469","error":""},"_links":{"self":[{"href":"https:\/\/www.europesays.com\/fr\/wp-json\/wp\/v2\/posts\/556537","targetHints":{"allow":["GET"]}}],"collection":[{"href":"https:\/\/www.europesays.com\/fr\/wp-json\/wp\/v2\/posts"}],"about":[{"href":"https:\/\/www.europesays.com\/fr\/wp-json\/wp\/v2\/types\/post"}],"author":[{"embeddable":true,"href":"https:\/\/www.europesays.com\/fr\/wp-json\/wp\/v2\/users\/2"}],"replies":[{"embeddable":true,"href":"https:\/\/www.europesays.com\/fr\/wp-json\/wp\/v2\/comments?post=556537"}],"version-history":[{"count":0,"href":"https:\/\/www.europesays.com\/fr\/wp-json\/wp\/v2\/posts\/556537\/revisions"}],"wp:featuredmedia":[{"embeddable":true,"href":"https:\/\/www.europesays.com\/fr\/wp-json\/wp\/v2\/media\/556538"}],"wp:attachment":[{"href":"https:\/\/www.europesays.com\/fr\/wp-json\/wp\/v2\/media?parent=556537"}],"wp:term":[{"taxonomy":"category","embeddable":true,"href":"https:\/\/www.europesays.com\/fr\/wp-json\/wp\/v2\/categories?post=556537"},{"taxonomy":"post_tag","embeddable":true,"href":"https:\/\/www.europesays.com\/fr\/wp-json\/wp\/v2\/tags?post=556537"}],"curies":[{"name":"wp","href":"https:\/\/api.w.org\/{rel}","templated":true}]}}