{"id":556539,"date":"2025-11-25T01:05:12","date_gmt":"2025-11-25T01:05:12","guid":{"rendered":"https:\/\/www.europesays.com\/fr\/556539\/"},"modified":"2025-11-25T01:05:12","modified_gmt":"2025-11-25T01:05:12","slug":"le-psg-vers-un-mercato-dhiver-calme-malgre-les-blessures-luis-campos-prefere-jouer-la-prudence-on-ne-va-pas-empiler-les-joueurs-lequipe","status":"publish","type":"post","link":"https:\/\/www.europesays.com\/fr\/556539\/","title":{"rendered":"Le PSG vers un mercato d&#039;hiver calme malgr\u00e9 les blessures ? Luis Campos pr\u00e9f\u00e8re jouer la prudence : \u00ab On ne va pas empiler les joueurs \u00bb &#8211; L&#039;\u00c9quipe"},"content":{"rendered":"<ol>\n<li><a href=\"https:\/\/news.google.com\/rss\/articles\/CBMihwJBVV95cUxPTG1FTjZVR3J1M1FJeDZaTmlVWTdNRE5TQmF5N0dZTmY2blpRb2RXLWh2RmVabC1qbldTRXpiTURaSXJ1QnpsNmpoZEdCR2lRTHRJMnQ5OEYtQ0Y1OVNDVnNuVmxHd1RsbmhJMUROVEFoblVCakVjWF83RkI0b01YRDR3WTh3YllUYmxla3U0UnpVWlRaaHVSS1RMX0wwZTkzbXJEbzBOQWRWOGd2Zl94MkFLT0RtSEQtN1QtbS1WamgzYVJ5Q2hlT0c2czdKSHlHQVNyZW5wZ180WkEyb3piSnRDYkMtaUhBMGRMMGhVTlo2ZF9GdzdjYVFsRmFSbDF6RGEtSWM1OA?oc=5\" target=\"_blank\" rel=\"noopener\">Le PSG vers un mercato d&rsquo;hiver calme malgr\u00e9 les blessures ? Luis Campos pr\u00e9f\u00e8re jouer la prudence : \u00ab On ne va pas empiler les joueurs \u00bb<\/a>&nbsp;&nbsp;L&rsquo;\u00c9quipe<\/li>\n<li><a href=\"https:\/\/news.google.com\/rss\/articles\/CBMieEFVX3lxTE1iZktUdC1Sa1liS0lRTHJvMXpDR21zdmJGQVlzM05uZjlfT0ZMVnZ3clhDcGN5TjBiV3luamdQY2l3VjVLUXJrOXRaNTI0WDliMVVMTTU3d3dUQmlzcnpaVG5VeEgzZFRZd3BBX0xQMXNhZjV3SHhaXw?oc=5\" target=\"_blank\" rel=\"noopener\">Bient\u00f4t un PSG bis ?<\/a>&nbsp;&nbsp;Sports.fr<\/li>\n<li><a href=\"https:\/\/news.google.com\/rss\/articles\/CBMimgJBVV95cUxQOHZxNU4zdXdHQThETnJadTdOLW16dk4xX0NkeVBWTlFvN3plRDlxWDJDYVRFeFhMMXJrMERQYnpWV1hQWjJpU0JjeU56dzFBRXhEN3RnMmRwVWM3N2JWVk5CNS12ak1ST2JvSFpEQVBMLU1QVHBHbFMyMzhxNDAya24xMDNhVHNOTzRHc3U4QmQ0MTg3bDB5bzhWU1ZjbkdKaUF3TW9xNGF4a1pnTGt2dW9OTHM3TUtfS0VQUE9jWkVEVEhjS18xd2pxeW92eWw0QzNub1NSaGpaMVQwYVJmV1c4VTRmd0R0RWRTRlBKd1BaRFdLdWh6MHdqWS1RNG1zTEpWSlJhUXA4R0xlYVAwak5JeEl4X2I5Smc?oc=5\" target=\"_blank\" rel=\"noopener\">Le conseiller sportif Luis Campos \u00e0 la recherche d&rsquo;un club partenaire pour le PSG : \u00ab Un club satellite ? On est en train d&rsquo;\u00e9tudier des solutions \u00bb<\/a>&nbsp;&nbsp;L&rsquo;\u00c9quipe<\/li>\n<li><a href=\"https:\/\/news.google.com\/rss\/articles\/CBMisgFBVV95cUxQVkZnU2syOHptbEFYa2MzMmo5TWNzU0JyRmpYV3lGRGZIT1VGYW5paDFrV0wxaWRneG01UGljalpFVGdnV3B1RWZFRTNPSlhzMllYc2RwM3VXMU9JYXJfYk95WVBJTXdyVjAwQTQ1NG4taGgtdllvUG5nbFVZenJYQkVYY1FpNnBhN3liTVlDbFR6S0xnSFVzb2wxSWhyRWFWaUlJWXk4S2pBaldqSEpacFJB0gGwAUFVX3lxTE5lcTJBSnNGUlU1UDU2aWtzM013Mmh0Zk9iVlF2ak02SUd5RUo5eGtzbXRyUFVacFUxNThIRDhvMV9EcHhaU2l5RzBPWi1laEVEOURyWHZBb1N4bWM0S2x2bHh5NmNTSzVjb0dvdDA2SEhyNDc0XzJ5RVRvRVB3eFh6Y2hlbVFHcXJVV1dRWVMwSDdLcGVxTHN3cnBzYnlHSEQ3amROdWNWU1BFWDVLUmR4?oc=5\" target=\"_blank\" rel=\"noopener\">Luis Campos \u00e9voque la strat\u00e9gie du PSG : Sports &#8211; Orange<\/a>&nbsp;&nbsp;Sports &#8211; Orange<\/li>\n<li><a href=\"https:\/\/news.google.com\/rss\/articles\/CBMipgJBVV95cUxQUHpVaDBIdXBZUndINF9PRHpMNV9waW5RVllLV21jbVBBM1JuUGNSX3RYU1UtX2V3bF8tNXJlLWdhZjZXdGJRY0gtVE9oblJxb0NPVmR2aVBmVFRLejdoakdhTTlfakQzRDVvRjZoRFd0bk1BckczdFFvdVpyWEFrZTZ4Zjh0NTIzQTB1b01xbHFaVGNORk5KT0hERVYzMUJFMW1JWl9ncnAyRHZ5RG1EZERIZWxRbjIwTFNkMzVoTXBvVGtHTncwTmN0Ti1ESnlZUTB4YnBxdmYxZ1hvY3lSMkdxVTl1T2dOcEdheUIyWjVrMnRvR3pPUXdaQ2diOUhCTDRudmRfem9wWjZuMXlGRUJ5TUhFSTBWWVF1c1hZLVlwV0VUN3c?oc=5\" target=\"_blank\" rel=\"noopener\">\u00abCe n\u2019est pas parce qu\u2019on va beaucoup au supermarch\u00e9 que \u00e7a fait de nous de bons cuisiniers\u00bb : pourquoi le PSG mise toujours plus sur sa formation<\/a>&nbsp;&nbsp;Le Figaro<\/li>\n<\/ol>\n","protected":false},"excerpt":{"rendered":"Le PSG vers un mercato d&rsquo;hiver calme malgr\u00e9 les blessures ? Luis Campos pr\u00e9f\u00e8re jouer la prudence :&hellip;\n","protected":false},"author":2,"featured_media":556540,"comment_status":"","ping_status":"","sticky":false,"template":"","format":"standard","meta":{"footnotes":""},"categories":[9],"tags":[1011,27,60],"class_list":{"0":"post-556539","1":"post","2":"type-post","3":"status-publish","4":"format-standard","5":"has-post-thumbnail","7":"category-sports","8":"tag-fr","9":"tag-france","10":"tag-sports"},"share_on_mastodon":{"url":"https:\/\/pubeurope.com\/@fr\/115607655197239730","error":""},"_links":{"self":[{"href":"https:\/\/www.europesays.com\/fr\/wp-json\/wp\/v2\/posts\/556539","targetHints":{"allow":["GET"]}}],"collection":[{"href":"https:\/\/www.europesays.com\/fr\/wp-json\/wp\/v2\/posts"}],"about":[{"href":"https:\/\/www.europesays.com\/fr\/wp-json\/wp\/v2\/types\/post"}],"author":[{"embeddable":true,"href":"https:\/\/www.europesays.com\/fr\/wp-json\/wp\/v2\/users\/2"}],"replies":[{"embeddable":true,"href":"https:\/\/www.europesays.com\/fr\/wp-json\/wp\/v2\/comments?post=556539"}],"version-history":[{"count":0,"href":"https:\/\/www.europesays.com\/fr\/wp-json\/wp\/v2\/posts\/556539\/revisions"}],"wp:featuredmedia":[{"embeddable":true,"href":"https:\/\/www.europesays.com\/fr\/wp-json\/wp\/v2\/media\/556540"}],"wp:attachment":[{"href":"https:\/\/www.europesays.com\/fr\/wp-json\/wp\/v2\/media?parent=556539"}],"wp:term":[{"taxonomy":"category","embeddable":true,"href":"https:\/\/www.europesays.com\/fr\/wp-json\/wp\/v2\/categories?post=556539"},{"taxonomy":"post_tag","embeddable":true,"href":"https:\/\/www.europesays.com\/fr\/wp-json\/wp\/v2\/tags?post=556539"}],"curies":[{"name":"wp","href":"https:\/\/api.w.org\/{rel}","templated":true}]}}