{"id":556545,"date":"2025-11-25T01:08:14","date_gmt":"2025-11-25T01:08:14","guid":{"rendered":"https:\/\/www.europesays.com\/fr\/556545\/"},"modified":"2025-11-25T01:08:14","modified_gmt":"2025-11-25T01:08:14","slug":"wall-street-termine-en-nette-hausse-espere-une-baisse-des-taux-de-la-fed-24-11-2025-a-2237","status":"publish","type":"post","link":"https:\/\/www.europesays.com\/fr\/556545\/","title":{"rendered":"Wall Street termine en nette hausse, esp\u00e8re une baisse des taux de la Fed &#8211; 24\/11\/2025 \u00e0 22:37"},"content":{"rendered":"<p>        <img decoding=\"async\" src=\"https:\/\/www.europesays.com\/fr\/wp-content\/uploads\/2025\/11\/0ea3d75ceb7db974a57b49a17289eb80-760x507.jpg\" alt=\"Un op\u00e9rateur \u00e0 la Bourse de New York, le 21 novembre 2025 ( AFP \/ ANGELA WEISS )\" loading=\"eager\" fetchpriority=\"high\" width=\"760\" height=\"507\" style=\"max-width: 100%!important; height: auto;\"\/><\/p>\n<p class=\"c-image-news__legend\">Un op\u00e9rateur \u00e0 la Bourse de New York, le 21 novembre 2025 ( AFP \/ ANGELA WEISS )<\/p>\n<p>\n La Bourse de New York a termin\u00e9 en franche hausse lundi, pouss\u00e9e par les espoirs d&rsquo;une nouvelle baisse des taux de la R\u00e9serve f\u00e9d\u00e9rale (Fed), sur fond d&rsquo;app\u00e9tit retrouv\u00e9 pour certaines valeurs de l&rsquo;intelligence artificielle (IA).\n<\/p>\n<p>\n L&rsquo;indice Nasdaq &#8211; \u00e0 forte coloration technologique &#8211; a gagn\u00e9 2,69%, l&rsquo;indice \u00e9largi S&amp;P 500 a avanc\u00e9 de 1,55% et le Dow Jones a pris 0,44%.\n<\/p>\n<p>\n \u00ab\u00a0Le march\u00e9 reconsid\u00e8re la possibilit\u00e9 d&rsquo;une baisse des taux en d\u00e9cembre, c&rsquo;est ce qui lui a donn\u00e9 de l&rsquo;\u00e9lan aujourd&rsquo;hui\u00a0\u00bb, r\u00e9sume aupr\u00e8s de l&rsquo;AFP Patrick O&rsquo;Hare, de Briefing.com.\n<\/p>\n<p>\n Lundi, le gouverneur de la Fed Christopher Waller s&rsquo;est montr\u00e9 favorable \u00e0 une nouvelle r\u00e9duction des taux avant la fin de l&rsquo;ann\u00e9e, exprimant des inqui\u00e9tudes quant \u00e0 un march\u00e9 du travail \u00ab\u00a0toujours fragile\u00a0\u00bb.\n<\/p>\n<p>\n Des propos qui s&rsquo;ajoutent \u00e0 ceux du pr\u00e9sident de la Fed de New York, John Williams, qui a d\u00e9clar\u00e9 vendredi \u00ab\u00a0continue(r) de voir de la marge pour un nouvel ajustement \u00e0 court terme\u00a0\u00bb des taux directeurs.\n<\/p>\n<p>\n Les investisseurs anticipent d\u00e9sormais majoritairement une baisse d&rsquo;un quart de point \u00e0 l&rsquo;issue de la prochaine r\u00e9union de la Fed, les 9 et 10 d\u00e9cembre, selon l&rsquo;outil de veille CME FedWatch. Ils \u00e9taient une minorit\u00e9 la semaine pass\u00e9e.\n<\/p>\n<p>\n Une politique d&rsquo;assouplissement mon\u00e9taire est de nature \u00e0 aider la croissance, et donc \u00e0 augmenter les perspectives de b\u00e9n\u00e9fices des entreprises, d&rsquo;o\u00f9 l&rsquo;optimisme de Wall Street.\n<\/p>\n<p>\n En parall\u00e8le, plusieurs indicateurs, dont la publication avait \u00e9t\u00e9 suspendue pendant la p\u00e9riode de paralysie budg\u00e9taire (\u00ab\u00a0shutdown\u00a0\u00bb), doivent para\u00eetre dans la semaine.\n<\/p>\n<p>\n Parmi eux, les ventes au d\u00e9tail de septembre et l&rsquo;indice des prix \u00e0 la production (PPI) pour le m\u00eame mois sont attendus mardi.\n<\/p>\n<p>\n Ces chiffres sont \u00ab\u00a0un peu d\u00e9pass\u00e9s\u00a0\u00bb, mais ils \u00ab\u00a0auront assur\u00e9ment un impact sur la prise de d\u00e9cision de la Fed en d\u00e9cembre\u00a0\u00bb, assure Patrick O&rsquo;Hare.\n<\/p>\n<p>\n Sur le march\u00e9 obligataire, le rendement \u00e0 \u00e9ch\u00e9ance dix ans des emprunts de l&rsquo;Etat am\u00e9ricain se d\u00e9tendait \u00e0 4,03% vers 21H10 GMT, contre 4,06% vendredi en cl\u00f4ture.\n<\/p>\n<p>\n C\u00f4t\u00e9 entreprises, \u00ab\u00a0on observe des gains importants sur certaines actions \u00e0 tr\u00e8s forte capitalisation (&#8230;) notamment Alphabet\u00a0\u00bb, la maison m\u00e8re de Google, note Patrick O&rsquo;Hare.\n<\/p>\n<p>\n Le titre<br \/>\n <a href=\"https:\/\/www.boursorama.com\/cours\/GOOGL\/\" target=\"_blank\" rel=\"noopener\"><br \/>\n  Alphabet a<br \/>\n <\/a><br \/>\n atteint un record en cl\u00f4ture (+6,31% \u00e0 318,58 dollars) \u00ab\u00a0gr\u00e2ce \u00e0 l&rsquo;accueil favorable r\u00e9serv\u00e9 \u00e0 son mod\u00e8le d&rsquo;IA g\u00e9n\u00e9rative Gemini 3\u00a0\u00bb, note l&rsquo;analyste.\n<\/p>\n<p>\n Selon M. O&rsquo;Hare, cela \u00ab\u00a0permet de renouer avec l&rsquo;id\u00e9e selon laquelle le secteur de l&rsquo;IA a encore de beaux jours devant lui\u00a0\u00bb apr\u00e8s avoir \u00e9t\u00e9 mis \u00e0 mal ces derni\u00e8res semaines \u00e0 cause d&rsquo;inqui\u00e9tudes grandissantes sur les valorisations faramineuses de certains titres.\n<\/p>\n<p>\n D&rsquo;autres grands noms de la tech am\u00e9ricaine ont profit\u00e9 de cet envol, \u00e0 l&rsquo;instar de Broadcom (+11,10%) ou de<br \/>\n <a href=\"https:\/\/www.boursorama.com\/cours\/TSLA\/\" target=\"_blank\" rel=\"noopener\"><br \/>\n  Tesla<br \/>\n <\/a><br \/>\n (+6,82%).\n<\/p>\n<p>\n Le laboratoire pharmaceutique danois Novo Nordisk a franchement recul\u00e9 (-5,54% \u00e0 44,99 dollars) apr\u00e8s que des essais ont montr\u00e9 l&rsquo;absence d&rsquo;effet du s\u00e9maglutide, mol\u00e9cule \u00e0 la base de ses traitements anti-ob\u00e9sit\u00e9, dans le traitement de la maladie d&rsquo;Alzheimer.\n<\/p>\n<p>\n Les volumes d&rsquo;\u00e9changes ont \u00e9t\u00e9 plus faibles que d&rsquo;habitude, du fait d&rsquo;une semaine tronqu\u00e9e par un jour f\u00e9ri\u00e9 (Thanksgiving) jeudi. La s\u00e9ance de vendredi sera quant \u00e0 elle amput\u00e9e de trois heures.\n<\/p>\n<p>\n Nasdaq<\/p>\n","protected":false},"excerpt":{"rendered":"Un op\u00e9rateur \u00e0 la Bourse de New York, le 21 novembre 2025 ( AFP \/ ANGELA WEISS )&hellip;\n","protected":false},"author":2,"featured_media":556546,"comment_status":"","ping_status":"","sticky":false,"template":"","format":"standard","meta":{"footnotes":""},"categories":[6],"tags":[400,398,408,35,405,33,34,1011,27,403,402,399,404,401,406,407],"class_list":{"0":"post-556545","1":"post","2":"type-post","3":"status-publish","4":"format-standard","5":"has-post-thumbnail","7":"category-economie","8":"tag-action-cac-40","9":"tag-bourse-de-paris","10":"tag-boursorama","11":"tag-business","12":"tag-cotations","13":"tag-economie","14":"tag-economy","15":"tag-fr","16":"tag-france","17":"tag-indices-devises","18":"tag-investir","19":"tag-investissement","20":"tag-marche-boursier","21":"tag-sicav","22":"tag-trackers","23":"tag-warrants"},"share_on_mastodon":{"url":"https:\/\/pubeurope.com\/@fr\/115607667558977680","error":""},"_links":{"self":[{"href":"https:\/\/www.europesays.com\/fr\/wp-json\/wp\/v2\/posts\/556545","targetHints":{"allow":["GET"]}}],"collection":[{"href":"https:\/\/www.europesays.com\/fr\/wp-json\/wp\/v2\/posts"}],"about":[{"href":"https:\/\/www.europesays.com\/fr\/wp-json\/wp\/v2\/types\/post"}],"author":[{"embeddable":true,"href":"https:\/\/www.europesays.com\/fr\/wp-json\/wp\/v2\/users\/2"}],"replies":[{"embeddable":true,"href":"https:\/\/www.europesays.com\/fr\/wp-json\/wp\/v2\/comments?post=556545"}],"version-history":[{"count":0,"href":"https:\/\/www.europesays.com\/fr\/wp-json\/wp\/v2\/posts\/556545\/revisions"}],"wp:featuredmedia":[{"embeddable":true,"href":"https:\/\/www.europesays.com\/fr\/wp-json\/wp\/v2\/media\/556546"}],"wp:attachment":[{"href":"https:\/\/www.europesays.com\/fr\/wp-json\/wp\/v2\/media?parent=556545"}],"wp:term":[{"taxonomy":"category","embeddable":true,"href":"https:\/\/www.europesays.com\/fr\/wp-json\/wp\/v2\/categories?post=556545"},{"taxonomy":"post_tag","embeddable":true,"href":"https:\/\/www.europesays.com\/fr\/wp-json\/wp\/v2\/tags?post=556545"}],"curies":[{"name":"wp","href":"https:\/\/api.w.org\/{rel}","templated":true}]}}