{"id":556547,"date":"2025-11-25T01:09:11","date_gmt":"2025-11-25T01:09:11","guid":{"rendered":"https:\/\/www.europesays.com\/fr\/556547\/"},"modified":"2025-11-25T01:09:11","modified_gmt":"2025-11-25T01:09:11","slug":"le-djihad-islamique-annonce-la-decouverte-du-corps-dun-des-trois-derniers-otages-retenus","status":"publish","type":"post","link":"https:\/\/www.europesays.com\/fr\/556547\/","title":{"rendered":"le djihad islamique annonce la d\u00e9couverte du corps d\u2019un des trois derniers otages retenus"},"content":{"rendered":"<p>\n    le Hamas a lib\u00e9r\u00e9 en une fois les 20 otages survivants en \u00e9change de la lib\u00e9ration de pr\u00e8s de 2.000 prisonniers palestiniens et a commenc\u00e9 \u00e0 restituer les d\u00e9pouilles des otages morts.<\/p>\n<p class=\"fig-paragraph\">La branche militaire du\u00a0<a href=\"http:\/\/www.lefigaro.fr\/international\/gaza-le-hamas-et-le-djihad-islamique-annoncent-la-remise-d-une-nouvelle-depouille-d-otage-20251113\" data-fig-type=\"NewsFlash\" data-gtm-custom-categorie=\"navigation\" data-gtm-custom-action=\"crossclick\" data-gtm-custom-label=\"Contextuel\" data-gtm-event=\"customEventSPE\" data-fig-domain=\"LEFIGARO\" target=\"_blank\" rel=\"noopener\">djihad islamique<\/a>, un mouvement islamiste palestinien alli\u00e9 du Hamas, a annonc\u00e9 avoir retrouv\u00e9 lundi le corps de l&rsquo;un des trois derniers otages encore retenus dans la\u00a0<a href=\"http:\/\/www.lefigaro.fr\/international\/bande-de-gaza-trois-morts-apres-des-frappes-israeliennes-selon-la-defense-civile-20251120\" data-fig-type=\"NewsFlash\" data-gtm-custom-categorie=\"navigation\" data-gtm-custom-action=\"crossclick\" data-gtm-custom-label=\"Contextuel\" data-gtm-event=\"customEventSPE\" data-fig-domain=\"LEFIGARO\" target=\"_blank\" rel=\"noopener\">bande de Gaza<\/a>.<\/p>\n<p class=\"fig-paragraph\">\u00abAujourd\u2019hui, nous avons retrouv\u00e9 le corps de l\u2019un des prisonniers ennemis lors d\u2019op\u00e9rations de recherche dans des zones contr\u00f4l\u00e9es par l\u2019arm\u00e9e sioniste (isra\u00e9lienne, NDLR) dans le centre de la bande de Gaza\u00bb, affirment dans un communiqu\u00e9 les Brigades al-Qods.<\/p>\n<p>                                    <a class=\"fig-a11y-skip a11y-hidden\" href=\"#fig-a11y-skip-main-inarticle\"><br \/>\n        Passer la publicit\u00e9<br \/>\n    <\/a><\/p>\n<p class=\"fig-paragraph\">Au cours des derni\u00e8res semaines, des membres du Hamas avaient par exemple pu se rendre dans une zone de la bande de Gaza d\u00e9sormais sous contr\u00f4le de l\u2019arm\u00e9e isra\u00e9lienne afin d\u2019y retrouver la d\u00e9pouille d\u2019un otage qui avait \u00e9t\u00e9 en leur possession.<\/p>\n<p class=\"fig-paragraph\">Une source au sein du mouvement, qui a souhait\u00e9 rester anonyme, a confirm\u00e9 lundi que le corps appartenait \u00e0 l\u2019un des trois derniers otages morts encore retenus dans le territoire.<\/p>\n<p>2.000 prisonniers palestiniens<\/p>\n<p class=\"fig-paragraph\">Depuis le d\u00e9but de la tr\u00eave, le Hamas a lib\u00e9r\u00e9 en une fois les 20 otages survivants en \u00e9change de la lib\u00e9ration de pr\u00e8s de 2.000 prisonniers palestiniens et a commenc\u00e9 \u00e0 restituer les d\u00e9pouilles des otages morts.<\/p>\n<p class=\"fig-paragraph\">Sur les 28 personnes concern\u00e9es, 25 ont \u00e9t\u00e9 rendues \u00e0 Isra\u00ebl. Les trois derni\u00e8res d\u00e9pouilles sont celles de deux Isra\u00e9liens et d\u2019un Tha\u00eflandais.<\/p>\n","protected":false},"excerpt":{"rendered":"le Hamas a lib\u00e9r\u00e9 en une fois les 20 otages survivants en \u00e9change de la lib\u00e9ration de pr\u00e8s&hellip;\n","protected":false},"author":2,"featured_media":556548,"comment_status":"","ping_status":"","sticky":false,"template":"","format":"standard","meta":{"footnotes":""},"categories":[5],"tags":[11,67401,1011,27,665,14,12,19141,28],"class_list":{"0":"post-556547","1":"post","2":"type-post","3":"status-publish","4":"format-standard","5":"has-post-thumbnail","7":"category-international","8":"tag-actualites","9":"tag-djihad-islamique","10":"tag-fr","11":"tag-france","12":"tag-gaza","13":"tag-international","14":"tag-news","15":"tag-otages","16":"tag-world"},"share_on_mastodon":{"url":"https:\/\/pubeurope.com\/@fr\/115607670859824803","error":""},"_links":{"self":[{"href":"https:\/\/www.europesays.com\/fr\/wp-json\/wp\/v2\/posts\/556547","targetHints":{"allow":["GET"]}}],"collection":[{"href":"https:\/\/www.europesays.com\/fr\/wp-json\/wp\/v2\/posts"}],"about":[{"href":"https:\/\/www.europesays.com\/fr\/wp-json\/wp\/v2\/types\/post"}],"author":[{"embeddable":true,"href":"https:\/\/www.europesays.com\/fr\/wp-json\/wp\/v2\/users\/2"}],"replies":[{"embeddable":true,"href":"https:\/\/www.europesays.com\/fr\/wp-json\/wp\/v2\/comments?post=556547"}],"version-history":[{"count":0,"href":"https:\/\/www.europesays.com\/fr\/wp-json\/wp\/v2\/posts\/556547\/revisions"}],"wp:featuredmedia":[{"embeddable":true,"href":"https:\/\/www.europesays.com\/fr\/wp-json\/wp\/v2\/media\/556548"}],"wp:attachment":[{"href":"https:\/\/www.europesays.com\/fr\/wp-json\/wp\/v2\/media?parent=556547"}],"wp:term":[{"taxonomy":"category","embeddable":true,"href":"https:\/\/www.europesays.com\/fr\/wp-json\/wp\/v2\/categories?post=556547"},{"taxonomy":"post_tag","embeddable":true,"href":"https:\/\/www.europesays.com\/fr\/wp-json\/wp\/v2\/tags?post=556547"}],"curies":[{"name":"wp","href":"https:\/\/api.w.org\/{rel}","templated":true}]}}