{"id":55655,"date":"2025-04-27T00:56:12","date_gmt":"2025-04-27T00:56:12","guid":{"rendered":"https:\/\/www.europesays.com\/fr\/55655\/"},"modified":"2025-04-27T00:56:12","modified_gmt":"2025-04-27T00:56:12","slug":"le-ministere-de-linterieur-se-lance-a-la-recherche-de-ceux-qui-ont-tague-le-domicile-de-bruno-bernard","status":"publish","type":"post","link":"https:\/\/www.europesays.com\/fr\/55655\/","title":{"rendered":"le minist\u00e8re de l&rsquo;Int\u00e9rieur se lance \u00e0 la recherche de ceux qui ont tagu\u00e9 le domicile de Bruno Bernard"},"content":{"rendered":"<p>\u00ab\u00a0Les auteurs de ces actes devront \u00eatre identifi\u00e9s et fermement condamn\u00e9s\u00a0\u00bb : le minist\u00e8re de l&rsquo;Int\u00e9rieur se lance \u00e0 la recherche des activistes qui ont tagu\u00e9 le domicile de Bruno Bernard &#8211; LyonMag<\/p>\n<p itemprop=\"description\"><strong>Ce vendredi \u00e9tait revendiqu\u00e9e une action anti-expulsions men\u00e9e au domicile de <a href=\"https:\/\/www.lyonmag.com\/profil-personnalite-lyonnaise\/518\/bruno-bernard\" target=\"_blank\" rel=\"noopener\">Bruno Bernard<\/a>.<\/strong><\/p>\n<p>De plus, ces militants mena\u00e7aient de r\u00e9v\u00e9ler l&rsquo;adresse personnelle du pr\u00e9sident de la M\u00e9tropole de Lyon si la collectivit\u00e9 proc\u00e9dait \u00e0 une nouvelle expulsion de squat.<\/p>\n<p>Depuis, de nombreux messages de soutien affluent de la part de partenaires politiques comme d&rsquo;adversaires.<\/p>\n<p>Le ministre aupr\u00e8s du ministre de l&rsquo;Int\u00e9rieur <a href=\"https:\/\/www.lyonmag.com\/profil-personnalite-lyonnaise\/19\/francois-noel-buffet\" target=\"_blank\" rel=\"noopener\">Fran\u00e7ois-No\u00ebl Buffet<\/a> y est all\u00e9 aussi de son commentaire pour d\u00e9noncer \u00ab\u00a0ce moment tr\u00e8s grave\u00a0\u00bb. \u00ab\u00a0Les auteurs de ces actes devront \u00eatre identifi\u00e9s et fermement condamn\u00e9s\u00a0\u00bb, a poursuivi l&rsquo;ancien s\u00e9nateur LR du Rh\u00f4ne et ex-maire d&rsquo;Oullins, dans un tweet partag\u00e9 \u00e9galement par le pensionnaire principal de la place Beauvau, Bruno Retailleau.<\/p>\n<blockquote class=\"twitter-tweet\"><p>&#13;<\/p>\n<p dir=\"ltr\" lang=\"fr\">.<a href=\"https:\/\/twitter.com\/brunobernard_fr?ref_src=twsrc%5Etfw\" target=\"_blank\" rel=\"noopener\">@brunobernard_fr<\/a>, Pr\u00e9sident de la M\u00e9tropole de Lyon, a \u00e9t\u00e9 menac\u00e9 \u00e0 son domicile. Dans ce moment tr\u00e8s grave, je lui adresse tout mon soutien. Les auteurs de ces actes devront \u00eatre identifi\u00e9s et fermement condamn\u00e9s.<\/p>\n<p>&#13;<br \/>\n\u2014 Fran\u00e7ois-No\u00ebl BUFFET (@fnb_officiel) <a href=\"https:\/\/twitter.com\/fnb_officiel\/status\/1915843706126508074?ref_src=twsrc%5Etfw\" target=\"_blank\" rel=\"noopener\">April 25, 2025<\/a><\/p><\/blockquote>\n<p>L&rsquo;action n&rsquo;ayant pas \u00e9t\u00e9 revendiqu\u00e9e par un groupuscule parmi les nombreux collectifs et associations qui luttent pour l&rsquo;h\u00e9bergement et contre les expulsions dans l&rsquo;agglom\u00e9ration lyonnaise, l&rsquo;enqu\u00eate ouverte pour tenter de retrouver les auteurs de ce tag \u00ab\u00a0\u00a0\u00bbBruno Bernard fin des expulsions sinon on va squatter chez toi !\u00a0\u00bb laiss\u00e9 dans l&rsquo;immeuble o\u00f9 vit l&rsquo;\u00e9lu \u00e9cologiste va devoir s&rsquo;appuyer avant tout sur la vid\u00e9osurveillance.            <\/p>\n<p>\t\t  <script async src=\"https:\/\/platform.twitter.com\/widgets.js\" charset=\"utf-8\"><\/script><\/p>\n","protected":false},"excerpt":{"rendered":"\u00ab\u00a0Les auteurs de ces actes devront \u00eatre identifi\u00e9s et fermement condamn\u00e9s\u00a0\u00bb : le minist\u00e8re de l&rsquo;Int\u00e9rieur se lance&hellip;\n","protected":false},"author":2,"featured_media":55656,"comment_status":"","ping_status":"","sticky":false,"template":"","format":"standard","meta":{"footnotes":""},"categories":[1889],"tags":[1111,11,2813,2190,2430,1109,251,1112,2811,1777,674,118,1011,27,1922,1110,1114,2428,2810,12,241,316,25,2812,517,800],"class_list":{"0":"post-55655","1":"post","2":"type-post","3":"status-publish","4":"format-standard","5":"has-post-thumbnail","7":"category-lyon","8":"tag-actu","9":"tag-actualites","10":"tag-article","11":"tag-asvel","12":"tag-auvergne-rhone-alpes","13":"tag-breves","14":"tag-culture","15":"tag-depeches","16":"tag-economique","17":"tag-eu","18":"tag-europe","19":"tag-faits-divers","20":"tag-fr","21":"tag-france","22":"tag-info","23":"tag-informations","24":"tag-infos","25":"tag-lyon","26":"tag-lyonmag","27":"tag-news","28":"tag-ol","29":"tag-politique","30":"tag-republique-francaise","31":"tag-sociale","32":"tag-sport","33":"tag-transports"},"share_on_mastodon":{"url":"https:\/\/pubeurope.com\/@fr\/114407209954719748","error":""},"_links":{"self":[{"href":"https:\/\/www.europesays.com\/fr\/wp-json\/wp\/v2\/posts\/55655","targetHints":{"allow":["GET"]}}],"collection":[{"href":"https:\/\/www.europesays.com\/fr\/wp-json\/wp\/v2\/posts"}],"about":[{"href":"https:\/\/www.europesays.com\/fr\/wp-json\/wp\/v2\/types\/post"}],"author":[{"embeddable":true,"href":"https:\/\/www.europesays.com\/fr\/wp-json\/wp\/v2\/users\/2"}],"replies":[{"embeddable":true,"href":"https:\/\/www.europesays.com\/fr\/wp-json\/wp\/v2\/comments?post=55655"}],"version-history":[{"count":0,"href":"https:\/\/www.europesays.com\/fr\/wp-json\/wp\/v2\/posts\/55655\/revisions"}],"wp:featuredmedia":[{"embeddable":true,"href":"https:\/\/www.europesays.com\/fr\/wp-json\/wp\/v2\/media\/55656"}],"wp:attachment":[{"href":"https:\/\/www.europesays.com\/fr\/wp-json\/wp\/v2\/media?parent=55655"}],"wp:term":[{"taxonomy":"category","embeddable":true,"href":"https:\/\/www.europesays.com\/fr\/wp-json\/wp\/v2\/categories?post=55655"},{"taxonomy":"post_tag","embeddable":true,"href":"https:\/\/www.europesays.com\/fr\/wp-json\/wp\/v2\/tags?post=55655"}],"curies":[{"name":"wp","href":"https:\/\/api.w.org\/{rel}","templated":true}]}}