{"id":556551,"date":"2025-11-25T01:11:23","date_gmt":"2025-11-25T01:11:23","guid":{"rendered":"https:\/\/www.europesays.com\/fr\/556551\/"},"modified":"2025-11-25T01:11:23","modified_gmt":"2025-11-25T01:11:23","slug":"la-francaise-sophie-adenot-se-prepare-a-partir-des-le-15-fevrier-pour-la-mission-epsilon-a-bord-de-liss","status":"publish","type":"post","link":"https:\/\/www.europesays.com\/fr\/556551\/","title":{"rendered":"La Fran\u00e7aise Sophie Adenot se pr\u00e9pare \u00e0 partir d\u00e8s le 15 f\u00e9vrier pour la mission Epsilon \u00e0 bord de l&rsquo;ISS"},"content":{"rendered":"\n<p class=\"c-chapo \">\n  La Nasa, l&rsquo;agence spatiale am\u00e9ricaine, a annonc\u00e9 un avancement du calendrier. Jusqu&rsquo;alors, le d\u00e9part \u00e9tait envisag\u00e9 pour le printemps 2026.\n<\/p>\n<p>      lire plus tard<\/p>\n<p id=\"dialog__title\" class=\"dialog__title\">Pour sauvegarder cet article, connectez-vous ou cr\u00e9ez un compte franceinfo<\/p>\n<p class=\"dialog__description\">Sans paiement. Sans abonnement.<\/p>\n<p>        Fermer la fen\u00eatre d\u2019activation des notifications France Info<\/p>\n<p>      cr\u00e9er votre compte<\/p>\n<p>      se connecter<\/p>\n<p>        Fermer la fen\u00eatre de pr\u00e9sentation<\/p>\n<p>    <img loading=\"lazy\" decoding=\"async\" class=\"signature__image lazyload\" width=\"100\" height=\"100\" data- alt=\"\" src=\"https:\/\/www.europesays.com\/fr\/wp-content\/uploads\/2025\/09\/61b8b9946b6b4_louis-san.png\"\/><\/p>\n<p>    Publi\u00e9 le 24\/11\/2025 18:27<\/p>\n<p>        Temps de lecture : 1min<\/p>\n<p>    <img decoding=\"async\"  alt=\"L'astronaute fran\u00e7aise Sophie Adenot \u00e0 Cologne (Allemagne), le 3 mai 2023. (INA FASSBENDER \/ AFP)\" width=\"432\" height=\"243\" src=\"https:\/\/www.europesays.com\/fr\/wp-content\/uploads\/2025\/11\/000-33ec3jw-69248ffecb7a3843514633.jpg\" fetchpriority=\"high\"\/><\/p>\n<p>      L&rsquo;astronaute fran\u00e7aise Sophie Adenot \u00e0 Cologne (Allemagne), le 3 mai 2023. (INA FASSBENDER \/ AFP)<\/p>\n<p>Coup d&rsquo;acc\u00e9l\u00e9rateur pour la mission Epsilon de <a href=\"https:\/\/www.franceinfo.fr\/sciences\/espace\/l-astronaute-francaise-sophie-adenot-menera-depuis-l-iss-une-experience-botanique-avec-des-milliers-de-classes-francaises_7636577.html\" target=\"_self\" rel=\"noopener noreferrer nofollow\" data-tooltip-url=\"https:\/\/www.franceinfo.fr\/sciences\/espace\/l-astronaute-francaise-sophie-adenot-menera-depuis-l-iss-une-experience-botanique-avec-des-milliers-de-classes-francaises_7636577.html\">l&rsquo;astronaute fran\u00e7aise Sophie Adenot<\/a>. Son d\u00e9part pour la Station spatiale internationale (ISS) risque d&rsquo;\u00eatre avanc\u00e9 de plusieurs semaines : il pourrait survenir d\u00e8s le 15 f\u00e9vrier 2026. C&rsquo;est ce qu&rsquo; a annonc\u00e9 la Nasa, l&rsquo;agence spatiale am\u00e9ricaine, dans une <a href=\"https:\/\/www.nasa.gov\/blogs\/spacestation\/2025\/11\/20\/crew-works-on-stem-cells-cubesats-prepares-for-soyuz-and-commercial-crew-launches\/\" target=\"_blank\" rel=\"noopener\" data-tooltip-url=\"https:\/\/www.nasa.gov\/blogs\/spacestation\/2025\/11\/20\/crew-works-on-stem-cells-cubesats-prepares-for-soyuz-and-commercial-crew-launches\/\">note de blog<\/a> alors qu&rsquo;il \u00e9tait jusqu&rsquo;ici envisag\u00e9 pour le printemps 2026. \u00ab\u00a0On s&rsquo;entra\u00eene \u00e0 d\u00e9coller le 15 f\u00e9vrier\u00a0\u00bb, a confirm\u00e9 la pilote d&rsquo;h\u00e9licopt\u00e8res de formation, lundi 24 novembre, lors d&rsquo;une conf\u00e9rence de presse, \u00e0 Toulouse (Haute-Garonne), au Centre d&rsquo;aide au d\u00e9veloppement des activit\u00e9s en micropesanteur et des op\u00e9rations spatiales.<\/p>\n<blockquote class=\"ftvi_content_quote\">\n<p class=\"ftvi_citation_quote\">\u00ab\u00a0Le compte \u00e0 rebours, je vous assure qu&rsquo;il est plus que lanc\u00e9. Le programme, qui \u00e9tait d\u00e9j\u00e0 intense, s&rsquo;intensifie encore.\u00a0\u00bb<\/p>\n<p>Sophie Adenot, astronaute fran\u00e7aise<\/p>\n<p class=\"ftvi_citation_source\">lors d&rsquo;une conf\u00e9rence de presse<\/p>\n<\/blockquote>\n<p>Selon la Nasa, le d\u00e9collage pour la mission de huit mois de l&rsquo;astronaute fran\u00e7aise a \u00e9t\u00e9 avanc\u00e9 afin d&rsquo;\u00e9viter des conflits de calendrier entre la rotation au sein de l&rsquo;ISS des \u00e9quipages Crew-11 et Crew-12 (celui de Sophie Adenot) et le lancement de la <a href=\"https:\/\/www.franceinfo.fr\/sciences\/espace\/mission-artemis-vers-la-lune\/mission-artemis-2-trois-hommes-et-une-femme-tourneront-en-orbite-autour-la-lune_5751917.html\" target=\"_self\" rel=\"noopener noreferrer nofollow\" data-tooltip-url=\"https:\/\/www.franceinfo.fr\/sciences\/espace\/mission-artemis-vers-la-lune\/mission-artemis-2-trois-hommes-et-une-femme-tourneront-en-orbite-autour-la-lune_5751917.html\">mission Artemis II<\/a>, qui doit envoyer des astronautes en orbite autour de la Lune. Cette mission pr\u00e9c\u00e8de un volet III, visant \u00e0 installer une <a href=\"https:\/\/www.franceinfo.fr\/sciences\/espace\/espace-l-article-a-lire-pour-tout-savoir-de-la-mission-artemis-qui-vise-le-retour-de-l-etre-humain-sur-la-lune_5067814.html\" target=\"_self\" rel=\"noopener noreferrer nofollow\" data-tooltip-url=\"https:\/\/www.franceinfo.fr\/sciences\/espace\/espace-l-article-a-lire-pour-tout-savoir-de-la-mission-artemis-qui-vise-le-retour-de-l-etre-humain-sur-la-lune_5067814.html\">base durable \u00e0 la surface du satellite naturel de la Terre<\/a>.<\/p>\n<p>La date du 15 f\u00e9vrier doit toutefois \u00eatre prise avec pr\u00e9caution, et risque d&rsquo;\u00eatre malmen\u00e9e. \u00ab\u00a0Dans l&rsquo;histoire, il est fr\u00e9quent d&rsquo;avoir vu des d\u00e9lais, des retards\u00a0\u00bb, a temp\u00e9r\u00e9 Sophie Adenot, remarquant qu&rsquo;ils \u00e9taient particuli\u00e8rement habituels dans le domaine spatial. Toutefois, elle a insist\u00e9 sur le fait qu&rsquo;elle et son \u00e9quipage faisaient tout pour \u00eatre par\u00e9s au d\u00e9part d\u00e8s cette date.<\/p>\n","protected":false},"excerpt":{"rendered":"La Nasa, l&rsquo;agence spatiale am\u00e9ricaine, a annonc\u00e9 un avancement du calendrier. Jusqu&rsquo;alors, le d\u00e9part \u00e9tait envisag\u00e9 pour le&hellip;\n","protected":false},"author":2,"featured_media":556552,"comment_status":"","ping_status":"","sticky":false,"template":"","format":"standard","meta":{"footnotes":""},"categories":[2],"tags":[11,1011,27,12],"class_list":{"0":"post-556551","1":"post","2":"type-post","3":"status-publish","4":"format-standard","5":"has-post-thumbnail","7":"category-actualites","8":"tag-actualites","9":"tag-fr","10":"tag-france","11":"tag-news"},"share_on_mastodon":{"url":"https:\/\/pubeurope.com\/@fr\/115607679573797395","error":""},"_links":{"self":[{"href":"https:\/\/www.europesays.com\/fr\/wp-json\/wp\/v2\/posts\/556551","targetHints":{"allow":["GET"]}}],"collection":[{"href":"https:\/\/www.europesays.com\/fr\/wp-json\/wp\/v2\/posts"}],"about":[{"href":"https:\/\/www.europesays.com\/fr\/wp-json\/wp\/v2\/types\/post"}],"author":[{"embeddable":true,"href":"https:\/\/www.europesays.com\/fr\/wp-json\/wp\/v2\/users\/2"}],"replies":[{"embeddable":true,"href":"https:\/\/www.europesays.com\/fr\/wp-json\/wp\/v2\/comments?post=556551"}],"version-history":[{"count":0,"href":"https:\/\/www.europesays.com\/fr\/wp-json\/wp\/v2\/posts\/556551\/revisions"}],"wp:featuredmedia":[{"embeddable":true,"href":"https:\/\/www.europesays.com\/fr\/wp-json\/wp\/v2\/media\/556552"}],"wp:attachment":[{"href":"https:\/\/www.europesays.com\/fr\/wp-json\/wp\/v2\/media?parent=556551"}],"wp:term":[{"taxonomy":"category","embeddable":true,"href":"https:\/\/www.europesays.com\/fr\/wp-json\/wp\/v2\/categories?post=556551"},{"taxonomy":"post_tag","embeddable":true,"href":"https:\/\/www.europesays.com\/fr\/wp-json\/wp\/v2\/tags?post=556551"}],"curies":[{"name":"wp","href":"https:\/\/api.w.org\/{rel}","templated":true}]}}