{"id":556566,"date":"2025-11-25T01:22:17","date_gmt":"2025-11-25T01:22:17","guid":{"rendered":"https:\/\/www.europesays.com\/fr\/556566\/"},"modified":"2025-11-25T01:22:17","modified_gmt":"2025-11-25T01:22:17","slug":"grenoble-des-familles-expulsees-se-retrouvent-sans-logement-la-prefete-interpellee","status":"publish","type":"post","link":"https:\/\/www.europesays.com\/fr\/556566\/","title":{"rendered":"Grenoble. Des familles expuls\u00e9es se retrouvent sans logement, la pr\u00e9f\u00e8te interpell\u00e9e"},"content":{"rendered":"<p>                    Par<br \/>\n        <strong><br \/>\n            <a href=\"https:\/\/actu.fr\/auteur\/lisa-rodrigues\" title=\"Consulter tous les articles de Lisa Rodrigues\" target=\"_blank\" rel=\"noopener\">Lisa Rodrigues<\/a><br \/>\n                    <\/strong><\/p>\n<p>        Publi\u00e9 le<\/p>\n<p>            24 nov. 2025 \u00e0 15h15        <\/p>\n<p>Ils sont au moins une soixantaine de personnes \u00e0 occuper une partie des locaux de la M\u00e9tropole de <a href=\"https:\/\/actu.fr\/auvergne-rhone-alpes\/grenoble_38185\" target=\"_blank\" rel=\"noopener\">Grenoble<\/a> depuis mercredi 19 novembre. Des familles pr\u00e9caires et sans-abris, avec \u00ab\u00a0des <strong>enfants en bas-\u00e2ge<\/strong>, des <strong>femmes enceintes<\/strong> et des travailleurs \u00e0 v\u00e9lo\u00a0\u00bb qui ont \u00e9t\u00e9 expuls\u00e9s de leurs logements \u00e0 la Villeneuve ces derni\u00e8res semaines.<\/p>\n<p class=\" wall-content\">Ces logements, ce sont des <strong>squats<\/strong> aux mains de \u00ab\u00a0marchands de sommeil\u00a0\u00bb et d\u2019un \u00ab\u00a0syst\u00e8me mafieux\u00a0\u00bb qui menacent et rackettent les occupants. Une situation que <a href=\"https:\/\/actu.fr\/tag\/grenoble-alpes-metropole\" target=\"_blank\" rel=\"noopener\">Grenoble-Alpes M\u00e9tropole<\/a> d\u00e9nonce.<\/p>\n<p>Un \u00c9tat \u00ab\u00a0absent\u00a0\u00bb<\/p>\n<p class=\" wall-content\">Christophe Ferrari, pr\u00e9sident de la M\u00e9tropole, et son vice-pr\u00e9sident en charge de l\u2019habitat et du logement, J\u00e9r\u00f4me Rubes, ont \u00e9crit une lettre ouverte \u00e0 la pr\u00e9f\u00e8te de l\u2019<a href=\"https:\/\/actu.fr\/auvergne-rhone-alpes\/isere_38\" target=\"_blank\" rel=\"noopener\">Is\u00e8re<\/a> pour l\u2019alerter du sort de ces familles. Et pour demander \u00e0 l\u2019\u00c9tat d\u2019agir.<\/p>\n<blockquote class=\"ac-article-quote wall-content\">\n<p>L&rsquo;ensemble des maires de la M\u00e9tropole ont \u00e9t\u00e9 sollicit\u00e9s pour apporter, autant que faire se peut, des solutions, des r\u00e9ponses communales, pluricommunales, intercommunales. [&#8230;] Nous souhaitons \u00e9videmment que l&rsquo;\u00c9tat, absent jusque l\u00e0 et nous le regrettons profond\u00e9ment, en prenne toute sa part.<\/p>\n<p>    <strong>Grenoble-Alpes M\u00e9tropole<\/strong>\n            <\/p><\/blockquote>\n<p class=\" wall-content\">L\u2019urgence est d\u2019autant plus pr\u00e9sente que le \u00ab\u00a0froid s\u2019installe\u00a0\u00bb \u2013 la loi autorise \u00e0 expulser les occupants de squats m\u00eame pendant la tr\u00eave hivernale \u2013 et qu\u2019aucune solution p\u00e9renne n\u2019a, pour le moment, \u00e9t\u00e9 trouv\u00e9e.<\/p>\n<p>Des associations \u00e0 leurs c\u00f4t\u00e9s<\/p>\n<p class=\" wall-content\">Les familles sont \u00e9galement suivies par des associations et collectifs de droit au logement, pr\u00e9sents avec eux au si\u00e8ge de la M\u00e9tropole.<\/p>\n<p class=\" wall-content\">Plusieurs d\u2019entre elles en ont \u00e9galement appel\u00e9s \u00e0 la mairie de Grenoble lors d\u2019actions et de manifestations.<\/p>\n<p>Votre r\u00e9gion, votre actu !<\/p>\n<p>Recevez chaque jour les infos qui comptent pour vous.<\/p>\n<p>\t<a href=\"https:\/\/actu.fr\/newsletter\" class=\"ac-btn ac-btn--corner ac-btn--medium ac-btn--blue800\" target=\"_blank\" rel=\"noopener\">S&rsquo;incrire<\/a><\/p>\n<p>    <a href=\"https:\/\/www.facebook.com\/plugins\/post.php?href=https%3A%2F%2Fwww.facebook.com%2Fdroitaulogement38%2Fposts%2Fpfbid0m73XFThvona9sokNoenckjQFyKVKas3wVTXbdDsAp1hEBc2z4NB8MyrgGQNTpxUzl&amp;show_text=true&amp;width=350\" title=\"Ouvrie le lien\" target=\"_blank\" rel=\"noopener\">Cliquez ici pour visualiser le contenu<\/a><\/p>\n<p class=\" wall-content\">Le maire \u00e9cologiste de la Ville, <a href=\"https:\/\/actu.fr\/tag\/eric-piolle\" target=\"_blank\" rel=\"noopener\">\u00c9ric Piolle<\/a>, avait en effet promis il y a plusieurs semaines de <a href=\"https:\/\/actu.fr\/auvergne-rhone-alpes\/grenoble_38185\/grenoble-pour-aider-les-familles-sans-logement-la-mairie-passe-a-l-etape-superieure_62667310.html\" target=\"_blank\" rel=\"noopener\">r\u00e9quisitionner les logements vacants<\/a> pour les transformer en h\u00e9bergements d\u2019urgence. Une promesse qui ne s\u2019est pas encore suivie de faits, selon les associations.<\/p>\n<p class=\" wall-content\">Personnalisez votre actualit\u00e9 en ajoutant vos villes et m\u00e9dias en favori avec <a href=\"https:\/\/moncompte.actu.fr\" title=\"D\u00e9couvez Mon Actu\" rel=\"nofollow noopener\" data-trk=\"{&quot;cta&quot;:{&quot;action&quot;:&quot;https:\\\/\\\/moncompte.actu.fr&quot;,&quot;category&quot;:&quot;mon compte&quot;,&quot;from&quot;:&quot;article footer&quot;,&quot;name&quot;:&quot;Mon actu&quot;,&quot;type&quot;:&quot;cta&quot;}}\" target=\"_blank\">Mon Actu<\/a>.<\/p>\n","protected":false},"excerpt":{"rendered":"Par Lisa Rodrigues Publi\u00e9 le 24 nov. 2025 \u00e0 15h15 Ils sont au moins une soixantaine de personnes&hellip;\n","protected":false},"author":2,"featured_media":556567,"comment_status":"","ping_status":"","sticky":false,"template":"","format":"standard","meta":{"footnotes":""},"categories":[9566],"tags":[1111,11,2430,1777,674,1011,27,2731,19692,1908,6459,12,25,104],"class_list":{"0":"post-556566","1":"post","2":"type-post","3":"status-publish","4":"format-standard","5":"has-post-thumbnail","7":"category-grenoble","8":"tag-actu","9":"tag-actualites","10":"tag-auvergne-rhone-alpes","11":"tag-eu","12":"tag-europe","13":"tag-fr","14":"tag-france","15":"tag-grenoble","16":"tag-grenoble-alpes-metropole","17":"tag-logement","18":"tag-logements-sociaux","19":"tag-news","20":"tag-republique-francaise","21":"tag-societe"},"share_on_mastodon":{"url":"https:\/\/pubeurope.com\/@fr\/115607721926810413","error":""},"_links":{"self":[{"href":"https:\/\/www.europesays.com\/fr\/wp-json\/wp\/v2\/posts\/556566","targetHints":{"allow":["GET"]}}],"collection":[{"href":"https:\/\/www.europesays.com\/fr\/wp-json\/wp\/v2\/posts"}],"about":[{"href":"https:\/\/www.europesays.com\/fr\/wp-json\/wp\/v2\/types\/post"}],"author":[{"embeddable":true,"href":"https:\/\/www.europesays.com\/fr\/wp-json\/wp\/v2\/users\/2"}],"replies":[{"embeddable":true,"href":"https:\/\/www.europesays.com\/fr\/wp-json\/wp\/v2\/comments?post=556566"}],"version-history":[{"count":0,"href":"https:\/\/www.europesays.com\/fr\/wp-json\/wp\/v2\/posts\/556566\/revisions"}],"wp:featuredmedia":[{"embeddable":true,"href":"https:\/\/www.europesays.com\/fr\/wp-json\/wp\/v2\/media\/556567"}],"wp:attachment":[{"href":"https:\/\/www.europesays.com\/fr\/wp-json\/wp\/v2\/media?parent=556566"}],"wp:term":[{"taxonomy":"category","embeddable":true,"href":"https:\/\/www.europesays.com\/fr\/wp-json\/wp\/v2\/categories?post=556566"},{"taxonomy":"post_tag","embeddable":true,"href":"https:\/\/www.europesays.com\/fr\/wp-json\/wp\/v2\/tags?post=556566"}],"curies":[{"name":"wp","href":"https:\/\/api.w.org\/{rel}","templated":true}]}}