{"id":556582,"date":"2025-11-25T01:33:17","date_gmt":"2025-11-25T01:33:17","guid":{"rendered":"https:\/\/www.europesays.com\/fr\/556582\/"},"modified":"2025-11-25T01:33:17","modified_gmt":"2025-11-25T01:33:17","slug":"alternatives-aux-maisons-de-retraite-les-residences-autonomies-gerees-par-la-ville","status":"publish","type":"post","link":"https:\/\/www.europesays.com\/fr\/556582\/","title":{"rendered":"alternatives aux maisons de retraite, les r\u00e9sidences autonomies g\u00e9r\u00e9es par la Ville"},"content":{"rendered":"<p>\u00ab\u00a0Certaines sont \u00e9galement \u00e9quip\u00e9es de chambres \u00e0 moindre co\u00fbt pour accueillir les familles\u00a0\u00bb, pr\u00e9cise Harmonie Lecerf, adjointe au maire charg\u00e9e de l\u2019acc\u00e8s aux droits, des solidarit\u00e9s et des seniors. Leur point commun\u00a0? Chacune dispose, en rez-de-chauss\u00e9e, d\u2019une<a href=\"https:\/\/www.sudouest.fr\/sante\/seniors\/bordeaux-les-echoppes-seniors-de-nouveaux-lieux-de-vie-repenses-pour-les-plus-ages-23041104.php\" target=\"_blank\" rel=\"follow noopener\"> \u00e9choppe d\u00e9di\u00e9e, autrefois appel\u00e9e \u00ab\u00a0club seniors\u00a0\u00bb<\/a>. Cet espace favorise les rencontres autour d\u2019activit\u00e9s ou de repas pris en commun.<\/p>\n<p>Dans chaque logement, on trouve une chambre, une kitchenette, une salle de bains et des toilettes. Harmonie Lecerf pr\u00e9cise qu\u2019il existe des T1, des T1 bis ainsi que quelques T2, et que le montant des loyers varie selon les r\u00e9sidences. \u00ab\u00a0Pour un T1, il faut compter entre 440 et 627\u00a0euros par mois, charges comprises.\u00a0\u00bb<\/p>\n<p>\u00ab\u00a0Des \u00e9tablissements co\u00fbteux\u00a0\u00bb<\/p>\n<p>Si la municipalit\u00e9 n\u2019a pas de nouveaux projets en cours, l\u2019adjointe souligne que \u00ab\u00a015 r\u00e9sidences, c\u2019est beaucoup pour une commune, car ce sont des \u00e9tablissements co\u00fbteux qui n\u00e9cessitent un travail permanent de r\u00e9novation, partielle ou totale\u00a0\u00bb. Elle ajoute qu\u2019\u00ab\u00a0<a href=\"https:\/\/www.sudouest.fr\/societe\/logement\/du-bruit-toute-la-nuit-l-accueil-de-familles-a-la-rue-dans-la-residence-autonomie-alsace-lorraine-irrite-certaines-personnes-agees-25685471.php\" target=\"_blank\" rel=\"follow noopener\">une r\u00e9habilitation compl\u00e8te de la r\u00e9sidence Alsace-Lorraine<\/a> d\u00e9butera dans quelques mois\u00a0\u00bb pour un co\u00fbt estim\u00e9 en 2024 \u00e0 7,5\u00a0millions d\u2019euros TTC. La construction de la r\u00e9sidence Suzanne-Lacore \u00e0 Ginko a, quant \u00e0 elle, co\u00fbt\u00e9 8,9\u00a0millions d\u2019euros.<\/p>\n","protected":false},"excerpt":{"rendered":"\u00ab\u00a0Certaines sont \u00e9galement \u00e9quip\u00e9es de chambres \u00e0 moindre co\u00fbt pour accueillir les familles\u00a0\u00bb, pr\u00e9cise Harmonie Lecerf, adjointe au&hellip;\n","protected":false},"author":2,"featured_media":556583,"comment_status":"","ping_status":"","sticky":false,"template":"","format":"standard","meta":{"footnotes":""},"categories":[2817],"tags":[1111,11,1997,1777,674,1011,27,12,2219,25],"class_list":{"0":"post-556582","1":"post","2":"type-post","3":"status-publish","4":"format-standard","5":"has-post-thumbnail","7":"category-bordeaux","8":"tag-actu","9":"tag-actualites","10":"tag-bordeaux","11":"tag-eu","12":"tag-europe","13":"tag-fr","14":"tag-france","15":"tag-news","16":"tag-nouvelle-aquitaine","17":"tag-republique-francaise"},"share_on_mastodon":{"url":"https:\/\/pubeurope.com\/@fr\/115607765325234977","error":""},"_links":{"self":[{"href":"https:\/\/www.europesays.com\/fr\/wp-json\/wp\/v2\/posts\/556582","targetHints":{"allow":["GET"]}}],"collection":[{"href":"https:\/\/www.europesays.com\/fr\/wp-json\/wp\/v2\/posts"}],"about":[{"href":"https:\/\/www.europesays.com\/fr\/wp-json\/wp\/v2\/types\/post"}],"author":[{"embeddable":true,"href":"https:\/\/www.europesays.com\/fr\/wp-json\/wp\/v2\/users\/2"}],"replies":[{"embeddable":true,"href":"https:\/\/www.europesays.com\/fr\/wp-json\/wp\/v2\/comments?post=556582"}],"version-history":[{"count":0,"href":"https:\/\/www.europesays.com\/fr\/wp-json\/wp\/v2\/posts\/556582\/revisions"}],"wp:featuredmedia":[{"embeddable":true,"href":"https:\/\/www.europesays.com\/fr\/wp-json\/wp\/v2\/media\/556583"}],"wp:attachment":[{"href":"https:\/\/www.europesays.com\/fr\/wp-json\/wp\/v2\/media?parent=556582"}],"wp:term":[{"taxonomy":"category","embeddable":true,"href":"https:\/\/www.europesays.com\/fr\/wp-json\/wp\/v2\/categories?post=556582"},{"taxonomy":"post_tag","embeddable":true,"href":"https:\/\/www.europesays.com\/fr\/wp-json\/wp\/v2\/tags?post=556582"}],"curies":[{"name":"wp","href":"https:\/\/api.w.org\/{rel}","templated":true}]}}