{"id":556584,"date":"2025-11-25T01:34:17","date_gmt":"2025-11-25T01:34:17","guid":{"rendered":"https:\/\/www.europesays.com\/fr\/556584\/"},"modified":"2025-11-25T01:34:17","modified_gmt":"2025-11-25T01:34:17","slug":"le-trophee-michel-guerard-va-devenir-prestigieux","status":"publish","type":"post","link":"https:\/\/www.europesays.com\/fr\/556584\/","title":{"rendered":"\u00ab\u00a0Le Troph\u00e9e Michel Gu\u00e9rard va devenir prestigieux\u00a0\u00bb"},"content":{"rendered":"<p>\u00ab\u00a0On avait ce projet en t\u00eate depuis quelques ann\u00e9es, mais il avait toujours \u00e9t\u00e9 repouss\u00e9 \u00e0 cause de probl\u00e8mes de sant\u00e9 de monsieur Gu\u00e9rard\u00a0\u00bb, explique Hugo Souchet, chef de cuisine aux Pr\u00e9s d\u2019Eug\u00e9nie et pr\u00e9sident du jury. \u00ab\u00a0L\u2019an dernier, apr\u00e8s sa disparition, l\u2019Umih [Union des m\u00e9tiers et des industries de l\u2019h\u00f4tellerie, NDLR] et la <a href=\"https:\/\/www.sudouest.fr\/landes\/mont-de-marsan\/le-foie-gras-de-la-maison-lafitte-une-histoire-de-gout-et-d-esprit-de-famille-21944111.php\" target=\"_blank\" rel=\"follow noopener\">Maison Lafitte<\/a> nous ont relanc\u00e9s, et on s\u2019est dit que le moment \u00e9tait venu.\u00a0\u00bb<\/p>\n<p>Foie gras, poisson<\/p>\n<p>Sans surprise, le foie gras au bouillon et un poisson de p\u00eache durable cuit aux algues \u2013 deux classiques des Pr\u00e9s d\u2019Eug\u00e9nie \u2013 ont \u00e9t\u00e9 les th\u00e8mes sur lesquels les six candidats ont d\u00fb travailler. Le laur\u00e9at est Th\u00e9o Laussucq, demi-chef de partie au Gabriel, \u00e0 Bordeaux, avec un foie gras au vin de noix et une vive \u00e9tuv\u00e9e dans des algues. \u00ab\u00a0Ce qu\u2019on a appr\u00e9ci\u00e9 chez lui, c\u2019est qu\u2019il travaille un poisson qui n\u2019est pas tr\u00e8s noble, dont la chair peut \u00eatre tr\u00e8s dure et un peu ol\u00e9agineuse. Il en a tir\u00e9 un plat digne de rentrer sur la carte d\u2019un deux \u00e9toiles Michelin, en \u00e9quilibrant les saveurs iod\u00e9es et acides.\u00a0\u00bb<\/p>\n<p>        <img decoding=\"async\" id=\"26844577\" src=\"https:\/\/www.europesays.com\/fr\/wp-content\/uploads\/2025\/11\/image0.jpeg\" alt=\"Th\u00e9o Laussucq, premier laur\u00e9at du troph\u00e9e Michel Gu\u00e9rard\u00a0: \u00ab\u00a0Ce qu\u2019on a appr\u00e9ci\u00e9 chez lui, c\u2019est qu\u2019il travaille un poisson qui n\u2019est pas tr\u00e8s noble.\u00a0\u00bb\" itemprop=\"contentURL\"\/><\/p>\n<p>    Th\u00e9o Laussucq, premier laur\u00e9at du troph\u00e9e Michel Gu\u00e9rard\u00a0: \u00ab\u00a0Ce qu\u2019on a appr\u00e9ci\u00e9 chez lui, c\u2019est qu\u2019il travaille un poisson qui n\u2019est pas tr\u00e8s noble.\u00a0\u00bb<\/p>\n<p>Hugo Esteves<\/p>\n","protected":false},"excerpt":{"rendered":"\u00ab\u00a0On avait ce projet en t\u00eate depuis quelques ann\u00e9es, mais il avait toujours \u00e9t\u00e9 repouss\u00e9 \u00e0 cause de&hellip;\n","protected":false},"author":2,"featured_media":556585,"comment_status":"","ping_status":"","sticky":false,"template":"","format":"standard","meta":{"footnotes":""},"categories":[2817],"tags":[1111,11,1997,1777,674,1011,27,12,2219,25],"class_list":{"0":"post-556584","1":"post","2":"type-post","3":"status-publish","4":"format-standard","5":"has-post-thumbnail","7":"category-bordeaux","8":"tag-actu","9":"tag-actualites","10":"tag-bordeaux","11":"tag-eu","12":"tag-europe","13":"tag-fr","14":"tag-france","15":"tag-news","16":"tag-nouvelle-aquitaine","17":"tag-republique-francaise"},"share_on_mastodon":{"url":"https:\/\/pubeurope.com\/@fr\/115607770197022283","error":""},"_links":{"self":[{"href":"https:\/\/www.europesays.com\/fr\/wp-json\/wp\/v2\/posts\/556584","targetHints":{"allow":["GET"]}}],"collection":[{"href":"https:\/\/www.europesays.com\/fr\/wp-json\/wp\/v2\/posts"}],"about":[{"href":"https:\/\/www.europesays.com\/fr\/wp-json\/wp\/v2\/types\/post"}],"author":[{"embeddable":true,"href":"https:\/\/www.europesays.com\/fr\/wp-json\/wp\/v2\/users\/2"}],"replies":[{"embeddable":true,"href":"https:\/\/www.europesays.com\/fr\/wp-json\/wp\/v2\/comments?post=556584"}],"version-history":[{"count":0,"href":"https:\/\/www.europesays.com\/fr\/wp-json\/wp\/v2\/posts\/556584\/revisions"}],"wp:featuredmedia":[{"embeddable":true,"href":"https:\/\/www.europesays.com\/fr\/wp-json\/wp\/v2\/media\/556585"}],"wp:attachment":[{"href":"https:\/\/www.europesays.com\/fr\/wp-json\/wp\/v2\/media?parent=556584"}],"wp:term":[{"taxonomy":"category","embeddable":true,"href":"https:\/\/www.europesays.com\/fr\/wp-json\/wp\/v2\/categories?post=556584"},{"taxonomy":"post_tag","embeddable":true,"href":"https:\/\/www.europesays.com\/fr\/wp-json\/wp\/v2\/tags?post=556584"}],"curies":[{"name":"wp","href":"https:\/\/api.w.org\/{rel}","templated":true}]}}