{"id":556592,"date":"2025-11-25T01:39:15","date_gmt":"2025-11-25T01:39:15","guid":{"rendered":"https:\/\/www.europesays.com\/fr\/556592\/"},"modified":"2025-11-25T01:39:15","modified_gmt":"2025-11-25T01:39:15","slug":"frederic-dutoit-a-la-tete-dune-union-de-la-gauche-inedite","status":"publish","type":"post","link":"https:\/\/www.europesays.com\/fr\/556592\/","title":{"rendered":"Fr\u00e9d\u00e9ric Dutoit \u00e0 la t\u00eate d&rsquo;une union de la gauche in\u00e9dite"},"content":{"rendered":"<p>Ils ont fait \u00ab\u00a0le choix de l\u2019unit\u00e9\u00a0\u00bb, pour faire \u00ab\u00a0face \u00e0 la menace grandissante de l\u2019extr\u00eame droite et \u00e0 une gestion municipale conservatrice\u00a0\u00bb. Unis derri\u00e8re les partis les \u00c9cologistes, G\u00e9n\u00e9ration.s, la France insoumise, le Parti socialiste, Le Mouvement des progressistes, Place publique et le Parti communiste fran\u00e7ais, <a href=\"https:\/\/www.laprovence.com\/article\/region\/18467975163056\/municipales-2026-a-allauch-la-gauche-se-reveille\" target=\"_blank\" rel=\"noopener\">les militants allaudiens de gauche<\/a> pr\u00e9sentent une liste \u00e9cologique sociale et solidaire pour les\u00a0<a href=\"https:\/\/www.laprovence.com\/elections\/municipales\" target=\"_blank\" rel=\"noopener\">municipales de mars prochain<\/a>.<\/p>\n<p>\u00ab\u00a0Notre objectif\u00a0: redonner la parole aux habitants et am\u00e9liorer le quotidien des\u00a0Allaudiennes et des Allaudiens\u00a0\u00bb, affirment-ils dans un communiqu\u00e9. Conduite par l\u2019ancien maire PCF des 15e et 16e arrondissements de\u00a02001 \u00e0\u00a02008 et d\u00e9put\u00e9 de\u00a02002 \u00e0\u00a02007, <a href=\"https:\/\/laprovence.com\/actu\/region-en-direct\/2005760\/frederic-dutoit-pcf-plaide-pour-une-l2-sans-peage.html\" target=\"_blank\" rel=\"noopener\">Fr\u00e9d\u00e9ric Dutoit<\/a>, le socialiste Vincent Coulomb, ancien adjoint aux finances de Roland Povinelli (de 1995 \u00e0 2008) qui a tourn\u00e9 le dos \u00e0 l\u2019ex-maire en 2019, l\u2019\u00e9cologiste Denise Triscari, candidate en 2020 sur la liste \u00ab\u00a0Allauch le Renouveau\u00a0\u00bb emmen\u00e9e par Lucie Desblancs, mais aussi Doroth\u00e9e Sudan.<\/p>\n<p>\u00ab\u00a0Des points sur lesquels la position du maire actuel est pass\u00e9iste\u00a0\u00bb<\/p>\n<p>\u00ab\u00a0Allauch est la seule commune des Bouches-du-Rh\u00f4ne qui est parvenue \u00e0 proposer une liste derri\u00e8re laquelle se rangent toutes les tendances de la gauche\u00a0\u00bb, souligne Vincent Coulomb, qui pr\u00e9cise que ces candidats se pr\u00e9sentent \u00ab\u00a0pour proposer autre chose, notamment sur la question du respect de la loi SRU sur les logements sociaux (que l\u2019actuel maire LR <a href=\"https:\/\/www.laprovence.com\/article\/elections\/18190376171277\/municipales-2026-a-allauch-qui-pour-bousculer-lionel-de-cala-lr\" target=\"_blank\" rel=\"noopener\">Lionel de Cala<\/a> refuse d\u2019appliquer, pr\u00e9f\u00e9rant que <a href=\"https:\/\/www.laprovence.com\/article\/politique\/122351303818614\/a-allauch-le-maire-lr-lionel-de-cala-veut-reformer-la-loi-sru\" target=\"_blank\" rel=\"noopener\">la commune paie des amendes<\/a> plut\u00f4t que de construire 25% de logements sociaux comme l\u2019impose le taux l\u00e9gal, NDLR), mais aussi sur d\u2019autres points sur lesquels on trouve la position du maire actuel pass\u00e9iste. Avec plus de 22\u00a0000 habitants, il faut cesser de parler d\u2019Allauch comme d\u2019un village\u2026\u00a0\u00bb<\/p>\n<p>Le programme \u00ab\u00a0progressiste et solidaire\u00a0\u00bb concernant les logements, les transports, la vie associative et culturelle, la s\u00e9curit\u00e9, l\u2019environnement et les services publics n\u2019a pas encore \u00e9t\u00e9 d\u00e9voil\u00e9. Mais le collectif de gauche entend \u00ab\u00a0aborder tous ces sujets avec un regard attentif aux enjeux environnementaux et sociaux\u00a0\u00bb.<\/p>\n","protected":false},"excerpt":{"rendered":"Ils ont fait \u00ab\u00a0le choix de l\u2019unit\u00e9\u00a0\u00bb, pour faire \u00ab\u00a0face \u00e0 la menace grandissante de l\u2019extr\u00eame droite et&hellip;\n","protected":false},"author":2,"featured_media":556593,"comment_status":"","ping_status":"","sticky":false,"template":"","format":"standard","meta":{"footnotes":""},"categories":[2814],"tags":[17,5734,1111,11,20443,4440,67402,1777,674,1011,27,14143,884,3554,12,316,882,25,17643],"class_list":{"0":"post-556592","1":"post","2":"type-post","3":"status-publish","4":"format-standard","5":"has-post-thumbnail","7":"category-marseille","8":"tag-17","9":"tag-5734","10":"tag-actu","11":"tag-actualites","12":"tag-allauch","13":"tag-dune","14":"tag-dutoit","15":"tag-eu","16":"tag-europe","17":"tag-fr","18":"tag-france","19":"tag-frederic","20":"tag-marseille","21":"tag-municipales","22":"tag-news","23":"tag-politique","24":"tag-provence-alpes-cote-dazur","25":"tag-republique-francaise","26":"tag-tete"},"share_on_mastodon":{"url":"https:\/\/pubeurope.com\/@fr\/115607789191346052","error":""},"_links":{"self":[{"href":"https:\/\/www.europesays.com\/fr\/wp-json\/wp\/v2\/posts\/556592","targetHints":{"allow":["GET"]}}],"collection":[{"href":"https:\/\/www.europesays.com\/fr\/wp-json\/wp\/v2\/posts"}],"about":[{"href":"https:\/\/www.europesays.com\/fr\/wp-json\/wp\/v2\/types\/post"}],"author":[{"embeddable":true,"href":"https:\/\/www.europesays.com\/fr\/wp-json\/wp\/v2\/users\/2"}],"replies":[{"embeddable":true,"href":"https:\/\/www.europesays.com\/fr\/wp-json\/wp\/v2\/comments?post=556592"}],"version-history":[{"count":0,"href":"https:\/\/www.europesays.com\/fr\/wp-json\/wp\/v2\/posts\/556592\/revisions"}],"wp:featuredmedia":[{"embeddable":true,"href":"https:\/\/www.europesays.com\/fr\/wp-json\/wp\/v2\/media\/556593"}],"wp:attachment":[{"href":"https:\/\/www.europesays.com\/fr\/wp-json\/wp\/v2\/media?parent=556592"}],"wp:term":[{"taxonomy":"category","embeddable":true,"href":"https:\/\/www.europesays.com\/fr\/wp-json\/wp\/v2\/categories?post=556592"},{"taxonomy":"post_tag","embeddable":true,"href":"https:\/\/www.europesays.com\/fr\/wp-json\/wp\/v2\/tags?post=556592"}],"curies":[{"name":"wp","href":"https:\/\/api.w.org\/{rel}","templated":true}]}}